{"id":10218,"date":"2021-02-14T22:13:35","date_gmt":"2021-02-14T20:13:35","guid":{"rendered":"http:\/\/www.vk-korana.hr\/?p=10218"},"modified":"2021-02-23T20:25:07","modified_gmt":"2021-02-23T18:25:07","slug":"vazna-informacija-2-izborna-skupstina","status":"publish","type":"post","link":"http:\/\/www.vk-korana.hr\/?p=10218","title":{"rendered":"Va\u017ena informacija 2 \u2013 izborna skup\u0161tina"},"content":{"rendered":"\n<p>Do 10. velja\u010de predani su dokumenti dvojice kandidata za predsjednika VK Korane.  Dokumente:<\/p>\n\n\n\n<ul class=\"wp-block-list\"><li>Izjava prihva\u0107anja kandidature,<\/li><li>Podr\u0161ka kandidaturi,<\/li><li>Kandidacijska lista,<\/li><li>Program rada za 2021.godinu,<\/li><\/ul>\n\n\n\n<p>predali su Bruno Rogi\u0107 i Tihomir Jarnjevi\u0107.<\/p>\n\n\n\n<p>Izborna godi\u0161nja skup\u0161tina odr\u017eati \u0107e se 28. velja\u010de 2021. godine.<\/p>\n\n\n\n<p>Na ku\u0107ne adrese \u010dlanova kluba, 15. velja\u010de biti \u0107e poslan POZIV i GLASA\u010cKI LISTI\u0106. U pozivu \u0107e biti poja\u0161njenja o mogu\u0107em na\u010dinu glasovanja.<\/p>\n\n\n\n<p>Na internetskoj stranici i u ormari\u0107u na klubu biti \u0107e od 15. velja\u010de mogu\u0107e pro\u010ditati:<\/p>\n\n\n\n<ul class=\"wp-block-list\"><li><a rel=\"noreferrer noopener\" href=\"http:\/\/www.vk-korana.hr\/wordpress\/wp-content\/uploads\/2021\/02\/1-Poziv.pdf\" data-type=\"URL\" data-id=\"http:\/\/www.vk-korana.hr\/wordpress\/wp-content\/uploads\/2021\/02\/1-Poziv.pdf\" target=\"_blank\">POZIV<\/a><\/li><li><a rel=\"noreferrer noopener\" href=\"http:\/\/www.vk-korana.hr\/wordpress\/wp-content\/uploads\/2021\/02\/2-Zapisnicar-i-ovjerovatelji.pdf\" data-type=\"URL\" data-id=\"http:\/\/www.vk-korana.hr\/wordpress\/wp-content\/uploads\/2021\/02\/2-Zapisnicar-i-ovjerovatelji.pdf\" target=\"_blank\">PRIJEDLOG ZA IMENOVANJE ZAPISNI\u010cARA I OVJEROVITELJE ZAPISNIKA<\/a><\/li><li><a rel=\"noreferrer noopener\" href=\"http:\/\/www.vk-korana.hr\/wordpress\/wp-content\/uploads\/2021\/02\/3-Izvjesce-predsjednika-1.pdf\" data-type=\"URL\" data-id=\"http:\/\/www.vk-korana.hr\/wordpress\/wp-content\/uploads\/2021\/02\/3-Izvjesce-predsjednika-1.pdf\" target=\"_blank\">IZVJE\u0160\u0106E PREDSJEDNIKA O RADU VK KORANA ZA 2020. GODINU<\/a><\/li><li><a rel=\"noreferrer noopener\" href=\"http:\/\/www.vk-korana.hr\/wordpress\/wp-content\/uploads\/2021\/02\/4-Izvjesce-strucno-programskog-povjerenstva.pdf\" data-type=\"URL\" data-id=\"http:\/\/www.vk-korana.hr\/wordpress\/wp-content\/uploads\/2021\/02\/4-Izvjesce-strucno-programskog-povjerenstva.pdf\" target=\"_blank\">IZVJE\u0160\u0106E STRU\u010cNO-PROGRAMSKOG POVJERENSTVA ZA 2020. GODINU<\/a><\/li><li><a rel=\"noreferrer noopener\" href=\"http:\/\/www.vk-korana.hr\/wordpress\/wp-content\/uploads\/2021\/02\/5.-Izvjesce-Nadzornog-odbora.pdf\" data-type=\"URL\" data-id=\"http:\/\/www.vk-korana.hr\/wordpress\/wp-content\/uploads\/2021\/02\/5.-Izvjesce-Nadzornog-odbora.pdf\" target=\"_blank\">IZVJE\u0160\u0106E NADZORNOG ODBORA VK KORANE ZA 2020. GODINU<\/a><\/li><li><a rel=\"noreferrer noopener\" href=\"http:\/\/www.vk-korana.hr\/wordpress\/wp-content\/uploads\/2021\/02\/7-Program-BR.pdf\" data-type=\"URL\" data-id=\"http:\/\/www.vk-korana.hr\/wordpress\/wp-content\/uploads\/2021\/02\/7-Program-BR.pdf\" target=\"_blank\">PROGRAM RADA ZA 2021. GODINU, BRUNO ROGI\u0106<\/a><\/li><li><a rel=\"noreferrer noopener\" href=\"http:\/\/www.vk-korana.hr\/wordpress\/wp-content\/uploads\/2021\/02\/8-Program-TJ.pdf\" data-type=\"URL\" data-id=\"http:\/\/www.vk-korana.hr\/wordpress\/wp-content\/uploads\/2021\/02\/8-Program-TJ.pdf\" target=\"_blank\">PROGRAM RADA ZA 2021. GODINU, TIHOMIR JARNJEVI\u0106<\/a><\/li><li><a href=\"http:\/\/www.vk-korana.hr\/wordpress\/wp-content\/uploads\/2021\/02\/6-Glasacki-listic.docx\" target=\"_blank\" rel=\"noreferrer noopener\">GLASA\u010cKI LISTI\u0106<\/a><\/li><\/ul>\n\n\n\n<p><\/p>\n","protected":false},"excerpt":{"rendered":"<p>Do 10. velja\u010de predani su dokumenti dvojice kandidata za predsjednika VK Korane. Dokumente: Izjava prihva\u0107anja kandidature, Podr\u0161ka kandidaturi, Kandidacijska lista, Program rada za 2021.godinu, predali su Bruno Rogi\u0107 i Tihomir Jarnjevi\u0107. Izborna godi\u0161nja skup\u0161tina odr\u017eati \u0107e se 28. velja\u010de 2021. godine. Na ku\u0107ne adrese \u010dlanova kluba, 15. velja\u010de biti \u0107e poslan POZIV i GLASA\u010cKI LISTI\u0106.&hellip;<\/p>\n","protected":false},"author":8,"featured_media":0,"comment_status":"closed","ping_status":"open","sticky":false,"template":"","format":"standard","meta":{"ngg_post_thumbnail":0,"footnotes":""},"categories":[1],"tags":[],"class_list":["post-10218","post","type-post","status-publish","format-standard","hentry","category-uncategorized","category-1","description-off"],"_links":{"self":[{"href":"http:\/\/www.vk-korana.hr\/index.php?rest_route=\/wp\/v2\/posts\/10218","targetHints":{"allow":["GET"]}}],"collection":[{"href":"http:\/\/www.vk-korana.hr\/index.php?rest_route=\/wp\/v2\/posts"}],"about":[{"href":"http:\/\/www.vk-korana.hr\/index.php?rest_route=\/wp\/v2\/types\/post"}],"author":[{"embeddable":true,"href":"http:\/\/www.vk-korana.hr\/index.php?rest_route=\/wp\/v2\/users\/8"}],"replies":[{"embeddable":true,"href":"http:\/\/www.vk-korana.hr\/index.php?rest_route=%2Fwp%2Fv2%2Fcomments&post=10218"}],"version-history":[{"count":3,"href":"http:\/\/www.vk-korana.hr\/index.php?rest_route=\/wp\/v2\/posts\/10218\/revisions"}],"predecessor-version":[{"id":10233,"href":"http:\/\/www.vk-korana.hr\/index.php?rest_route=\/wp\/v2\/posts\/10218\/revisions\/10233"}],"wp:attachment":[{"href":"http:\/\/www.vk-korana.hr\/index.php?rest_route=%2Fwp%2Fv2%2Fmedia&parent=10218"}],"wp:term":[{"taxonomy":"category","embeddable":true,"href":"http:\/\/www.vk-korana.hr\/index.php?rest_route=%2Fwp%2Fv2%2Fcategories&post=10218"},{"taxonomy":"post_tag","embeddable":true,"href":"http:\/\/www.vk-korana.hr\/index.php?rest_route=%2Fwp%2Fv2%2Ftags&post=10218"}],"curies":[{"name":"wp","href":"https:\/\/api.w.org\/{rel}","templated":true}]}}