{"id":10265,"date":"2021-04-25T09:30:49","date_gmt":"2021-04-25T07:30:49","guid":{"rendered":"http:\/\/www.vk-korana.hr\/?p=10265"},"modified":"2021-04-25T09:25:38","modified_gmt":"2021-04-25T07:25:38","slug":"trening-regata-otvoreno-prvenstvo-zagreba","status":"publish","type":"post","link":"http:\/\/www.vk-korana.hr\/?p=10265","title":{"rendered":"Trening regata &#8211; Otvoreno prvenstvo Zagreba"},"content":{"rendered":"\n<figure class=\"wp-block-image size-large\"><img loading=\"lazy\" decoding=\"async\" width=\"1000\" height=\"750\" src=\"http:\/\/www.vk-korana.hr\/wordpress\/wp-content\/uploads\/2021\/04\/IMG-1651-1.jpg\" alt=\"\" class=\"wp-image-10271\" srcset=\"http:\/\/www.vk-korana.hr\/wordpress\/wp-content\/uploads\/2021\/04\/IMG-1651-1.jpg 1000w, http:\/\/www.vk-korana.hr\/wordpress\/wp-content\/uploads\/2021\/04\/IMG-1651-1-300x225.jpg 300w, http:\/\/www.vk-korana.hr\/wordpress\/wp-content\/uploads\/2021\/04\/IMG-1651-1-768x576.jpg 768w\" sizes=\"auto, (max-width: 1000px) 100vw, 1000px\" \/><\/figure>\n\n\n\n<p>Tjedan dana prije odr\u017eavanja Svjetskog vesla\u010dkog kupa, prvoga takvog u povijesti na doma\u0107oj vodi, na jarunskom jezeru u Zagrebu odr\u017eana je trening regata Otvoreno prvenstvo Zagreba, ujedno i kao generalna proba za&nbsp; Svjetski vesla\u010dki kup koji je odr\u017eava od 30. travnja do 2. svibnja ove godine.<\/p>\n\n\n\n<p>Vesla\u010dki klub Korana je na dana\u0161njem natjecanju nastupio sa dvije posade dvojca na pari\u0107e \u2013 juniorskom i kadetskom. <\/p>\n\n\n\n<p>U dvojcu na pari\u0107e za juniore B <strong>Mauro Bauer <\/strong>i<strong> Igor \u0160u\u0161njar<\/strong> zauzeli su 3. mjesto u finala A, a dvojac na pari\u0107e za kadeti A s posadom <strong>Josip Jak\u0161i\u0107 <\/strong>i <strong>Luka Ranitovi\u0107<\/strong>, zauzeo je&nbsp; 2. mjesto finalu A.<\/p>\n","protected":false},"excerpt":{"rendered":"<p>Tjedan dana prije odr\u017eavanja Svjetskog vesla\u010dkog kupa, prvoga takvog u povijesti na doma\u0107oj vodi, na jarunskom jezeru u Zagrebu odr\u017eana je trening regata Otvoreno prvenstvo Zagreba, ujedno i kao generalna proba za&nbsp; Svjetski vesla\u010dki kup koji je odr\u017eava od 30. travnja do 2. svibnja ove godine. Vesla\u010dki klub Korana je na dana\u0161njem natjecanju nastupio sa&hellip;<\/p>\n","protected":false},"author":8,"featured_media":10266,"comment_status":"closed","ping_status":"open","sticky":false,"template":"","format":"standard","meta":{"ngg_post_thumbnail":0,"footnotes":""},"categories":[15,8],"tags":[],"class_list":["post-10265","post","type-post","status-publish","format-standard","has-post-thumbnail","hentry","category-veslaci","category-vijesti","category-15","category-8","description-off"],"_links":{"self":[{"href":"http:\/\/www.vk-korana.hr\/index.php?rest_route=\/wp\/v2\/posts\/10265","targetHints":{"allow":["GET"]}}],"collection":[{"href":"http:\/\/www.vk-korana.hr\/index.php?rest_route=\/wp\/v2\/posts"}],"about":[{"href":"http:\/\/www.vk-korana.hr\/index.php?rest_route=\/wp\/v2\/types\/post"}],"author":[{"embeddable":true,"href":"http:\/\/www.vk-korana.hr\/index.php?rest_route=\/wp\/v2\/users\/8"}],"replies":[{"embeddable":true,"href":"http:\/\/www.vk-korana.hr\/index.php?rest_route=%2Fwp%2Fv2%2Fcomments&post=10265"}],"version-history":[{"count":2,"href":"http:\/\/www.vk-korana.hr\/index.php?rest_route=\/wp\/v2\/posts\/10265\/revisions"}],"predecessor-version":[{"id":10273,"href":"http:\/\/www.vk-korana.hr\/index.php?rest_route=\/wp\/v2\/posts\/10265\/revisions\/10273"}],"wp:featuredmedia":[{"embeddable":true,"href":"http:\/\/www.vk-korana.hr\/index.php?rest_route=\/wp\/v2\/media\/10266"}],"wp:attachment":[{"href":"http:\/\/www.vk-korana.hr\/index.php?rest_route=%2Fwp%2Fv2%2Fmedia&parent=10265"}],"wp:term":[{"taxonomy":"category","embeddable":true,"href":"http:\/\/www.vk-korana.hr\/index.php?rest_route=%2Fwp%2Fv2%2Fcategories&post=10265"},{"taxonomy":"post_tag","embeddable":true,"href":"http:\/\/www.vk-korana.hr\/index.php?rest_route=%2Fwp%2Fv2%2Ftags&post=10265"}],"curies":[{"name":"wp","href":"https:\/\/api.w.org\/{rel}","templated":true}]}}