{"id":10970,"date":"2022-11-13T19:18:22","date_gmt":"2022-11-13T17:18:22","guid":{"rendered":"http:\/\/www.vk-korana.hr\/?p=10970"},"modified":"2022-11-13T19:18:24","modified_gmt":"2022-11-13T17:18:24","slug":"daljinska-regata-2","status":"publish","type":"post","link":"http:\/\/www.vk-korana.hr\/?p=10970","title":{"rendered":"Daljinska regata"},"content":{"rendered":"\n<p>Na Jarunskom jezeru odr\u017eana je u subotu, 12.11. daljinska regata. Na\u0161i vesla\u010di i vesla\u010dica postigli su sljede\u0107e rezultate:<\/p>\n\n\n\n<p>Ema Hodak &nbsp; &nbsp;&nbsp;&nbsp; 1xJ\u017dB&nbsp; &nbsp; &nbsp; 2. mjesto<\/p>\n\n\n\n<p>Josip Lak\u0161i\u0107 &nbsp;&nbsp; &nbsp; 1xJMB&nbsp;&nbsp;&nbsp;&nbsp; 2. mjesto<\/p>\n\n\n\n<p>Jan Latkovi\u0107&nbsp;&nbsp;&nbsp;&nbsp;&nbsp;&nbsp; 1xJMB&nbsp;&nbsp;&nbsp; 10. mjesto<\/p>\n\n\n\n<p>\u0160ime Ravnjak i Luka Ranitovi\u0107&nbsp;&nbsp; 2xJMB&nbsp;&nbsp; 1. mjesto<\/p>\n\n\n\n<p>Luka Hajdin&nbsp;&nbsp;&nbsp;&nbsp;&nbsp;&nbsp;&nbsp; 1xJMA&nbsp;&nbsp;&nbsp;&nbsp;&nbsp; 8. mjesto<\/p>\n\n\n\n<p>Mauro Bauer\u00a0\u00a0\u00a0\u00a0\u00a0\u00a0 1xJMA\u00a0\u00a0\u00a0\u00a0 15. mjesto<\/p>\n\n\n\n<p>Igor \u0160u\u0161njar\u00a0\u00a0\u00a0\u00a0\u00a0\u00a0\u00a0 1xJMA\u00a0\u00a0\u00a0\u00a0\u00a0 25. mjesto<\/p>\n\n\n\n<p><\/p>\n\n\n\n<p>Pregled slu\u017ebenih rezultata:<\/p>\n\n\n\n<div class=\"wp-block-file\"><a href=\"http:\/\/www.vk-korana.hr\/wordpress\/wp-content\/uploads\/2022\/11\/Daljinska-regata-rezultati.pdf\">Daljinska-regata-rezultati<\/a><a href=\"http:\/\/www.vk-korana.hr\/wordpress\/wp-content\/uploads\/2022\/11\/Daljinska-regata-rezultati.pdf\" class=\"wp-block-file__button\" download>Download<\/a><\/div>\n\n\n\n<figure class=\"wp-block-image size-large is-resized\"><img loading=\"lazy\" decoding=\"async\" src=\"http:\/\/www.vk-korana.hr\/wordpress\/wp-content\/uploads\/2022\/11\/ispracaj-veslaca-1-1024x541.jpg\" alt=\"\" class=\"wp-image-10974\" width=\"650\" height=\"343\" srcset=\"http:\/\/www.vk-korana.hr\/wordpress\/wp-content\/uploads\/2022\/11\/ispracaj-veslaca-1-1024x541.jpg 1024w, http:\/\/www.vk-korana.hr\/wordpress\/wp-content\/uploads\/2022\/11\/ispracaj-veslaca-1-300x159.jpg 300w, http:\/\/www.vk-korana.hr\/wordpress\/wp-content\/uploads\/2022\/11\/ispracaj-veslaca-1-768x406.jpg 768w, http:\/\/www.vk-korana.hr\/wordpress\/wp-content\/uploads\/2022\/11\/ispracaj-veslaca-1.jpg 1400w\" sizes=\"auto, (max-width: 650px) 100vw, 650px\" \/><\/figure>\n\n\n\n<p>Detaljniji izvje\u0161taj s regate pro\u010ditajte ovdje:<\/p>\n\n\n\n<figure class=\"wp-block-embed-wordpress wp-block-embed is-type-wp-embed is-provider-kasonline\"><div class=\"wp-block-embed__wrapper\">\n<blockquote class=\"wp-embedded-content\" data-secret=\"yn8Orhw38p\"><a href=\"https:\/\/www.kasonline.eu\/ostali-sportovi\/daljinska-regata-luka-hajdin-zauzeo-8-mjesto-u-konkurenciji-26-posada-ocekuje-ga-poziv-za-pripreme-juniorske-reprezentacije\/\">DALJINSKA REGATA: Luka Hajdin zauzeo 8. mjesto u konkurenciji 26 posada, o\u010dekuje ga poziv za pripreme juniorske reprezentacije<\/a><\/blockquote><iframe loading=\"lazy\" class=\"wp-embedded-content\" sandbox=\"allow-scripts\" security=\"restricted\" style=\"position: absolute; clip: rect(1px, 1px, 1px, 1px);\" title=\"&#8220;DALJINSKA REGATA: Luka Hajdin zauzeo 8. mjesto u konkurenciji 26 posada, o\u010dekuje ga poziv za pripreme juniorske reprezentacije&#8221; &#8212; KA&Scaron;online\" src=\"https:\/\/www.kasonline.eu\/ostali-sportovi\/daljinska-regata-luka-hajdin-zauzeo-8-mjesto-u-konkurenciji-26-posada-ocekuje-ga-poziv-za-pripreme-juniorske-reprezentacije\/embed\/#?secret=yn8Orhw38p\" data-secret=\"yn8Orhw38p\" width=\"600\" height=\"338\" frameborder=\"0\" marginwidth=\"0\" marginheight=\"0\" scrolling=\"no\"><\/iframe>\n<\/div><\/figure>\n","protected":false},"excerpt":{"rendered":"<p>Na Jarunskom jezeru odr\u017eana je u subotu, 12.11. daljinska regata. Na\u0161i vesla\u010di i vesla\u010dica postigli su sljede\u0107e rezultate: Ema Hodak &nbsp; &nbsp;&nbsp;&nbsp; 1xJ\u017dB&nbsp; &nbsp; &nbsp; 2. mjesto Josip Lak\u0161i\u0107 &nbsp;&nbsp; &nbsp; 1xJMB&nbsp;&nbsp;&nbsp;&nbsp; 2. mjesto Jan Latkovi\u0107&nbsp;&nbsp;&nbsp;&nbsp;&nbsp;&nbsp; 1xJMB&nbsp;&nbsp;&nbsp; 10. mjesto \u0160ime Ravnjak i Luka Ranitovi\u0107&nbsp;&nbsp; 2xJMB&nbsp;&nbsp; 1. mjesto Luka Hajdin&nbsp;&nbsp;&nbsp;&nbsp;&nbsp;&nbsp;&nbsp; 1xJMA&nbsp;&nbsp;&nbsp;&nbsp;&nbsp; 8. mjesto Mauro Bauer\u00a0\u00a0\u00a0\u00a0\u00a0\u00a0 1xJMA\u00a0\u00a0\u00a0\u00a0&hellip;<\/p>\n","protected":false},"author":8,"featured_media":0,"comment_status":"closed","ping_status":"open","sticky":false,"template":"","format":"standard","meta":{"ngg_post_thumbnail":0,"footnotes":""},"categories":[1],"tags":[],"class_list":["post-10970","post","type-post","status-publish","format-standard","hentry","category-uncategorized","category-1","description-off"],"_links":{"self":[{"href":"http:\/\/www.vk-korana.hr\/index.php?rest_route=\/wp\/v2\/posts\/10970","targetHints":{"allow":["GET"]}}],"collection":[{"href":"http:\/\/www.vk-korana.hr\/index.php?rest_route=\/wp\/v2\/posts"}],"about":[{"href":"http:\/\/www.vk-korana.hr\/index.php?rest_route=\/wp\/v2\/types\/post"}],"author":[{"embeddable":true,"href":"http:\/\/www.vk-korana.hr\/index.php?rest_route=\/wp\/v2\/users\/8"}],"replies":[{"embeddable":true,"href":"http:\/\/www.vk-korana.hr\/index.php?rest_route=%2Fwp%2Fv2%2Fcomments&post=10970"}],"version-history":[{"count":5,"href":"http:\/\/www.vk-korana.hr\/index.php?rest_route=\/wp\/v2\/posts\/10970\/revisions"}],"predecessor-version":[{"id":10977,"href":"http:\/\/www.vk-korana.hr\/index.php?rest_route=\/wp\/v2\/posts\/10970\/revisions\/10977"}],"wp:attachment":[{"href":"http:\/\/www.vk-korana.hr\/index.php?rest_route=%2Fwp%2Fv2%2Fmedia&parent=10970"}],"wp:term":[{"taxonomy":"category","embeddable":true,"href":"http:\/\/www.vk-korana.hr\/index.php?rest_route=%2Fwp%2Fv2%2Fcategories&post=10970"},{"taxonomy":"post_tag","embeddable":true,"href":"http:\/\/www.vk-korana.hr\/index.php?rest_route=%2Fwp%2Fv2%2Ftags&post=10970"}],"curies":[{"name":"wp","href":"https:\/\/api.w.org\/{rel}","templated":true}]}}