{"id":11132,"date":"2023-06-05T09:14:47","date_gmt":"2023-06-05T07:14:47","guid":{"rendered":"http:\/\/www.vk-korana.hr\/?p=11132"},"modified":"2023-06-05T11:35:39","modified_gmt":"2023-06-05T09:35:39","slug":"25-medunarodna-veslacka-regata-jumbo-regata-2023","status":"publish","type":"post","link":"http:\/\/www.vk-korana.hr\/?p=11132","title":{"rendered":"25. me\u0111unarodna vesla\u010dka regata Jumbo regata 2023"},"content":{"rendered":"\n<p>Na jarunskom jezeru u Zagrebu, 3. i 4. lipnja, odr\u017eana je 25. me\u0111unarodna vesla\u010dka regata Jumbo n kojoj su nastupili vesla\u010di\/ce VK Korane s ukupno 10 predstavnika u 9 A finala, u kojima su osvojili 7 medalja od koji su 3 zlatne i 4 bron\u010dane. <\/p>\n\n\n\n<p>U A finalu utrke skifova za lake juniore A nastupile su dvije posade Korane. Mauro Bauer je pobijedio (7:44.61) dok je Matija Car zauzeo 6. mjesto (8:25.54). U prednatjecanju Bauer je bio prvi, Car drugi. <\/p>\n\n\n\n<figure class=\"wp-block-image size-large\"><img loading=\"lazy\" decoding=\"async\" width=\"768\" height=\"1024\" src=\"http:\/\/www.vk-korana.hr\/wordpress\/wp-content\/uploads\/2023\/06\/Mauro-1x-Jumbo-768x1024.jpg\" alt=\"\" class=\"wp-image-11134\" srcset=\"http:\/\/www.vk-korana.hr\/wordpress\/wp-content\/uploads\/2023\/06\/Mauro-1x-Jumbo-768x1024.jpg 768w, http:\/\/www.vk-korana.hr\/wordpress\/wp-content\/uploads\/2023\/06\/Mauro-1x-Jumbo-225x300.jpg 225w, http:\/\/www.vk-korana.hr\/wordpress\/wp-content\/uploads\/2023\/06\/Mauro-1x-Jumbo-1152x1536.jpg 1152w, http:\/\/www.vk-korana.hr\/wordpress\/wp-content\/uploads\/2023\/06\/Mauro-1x-Jumbo.jpg 1536w\" sizes=\"auto, (max-width: 768px) 100vw, 768px\" \/><\/figure>\n\n\n\n<p>U A finalu utrke dvojca na pari\u0107e za juniore B kombinirana posada u kojoj su veslali Korana\u0161 Josip Jak\u0161i\u0107 i Luka Sabelja (Croatia) zauzela je 1. mjesto (6:50.23). Posada VK Korane, Jan Latkovi\u0107 i \u0160ime Ravnjak, u istoj utrci zauzela je 3. mjesto (7:07.49). U prednatjecanju iste utrke Jak\u0161i\u0107 i Sabelja bili su prvi, a Latkovi\u0107 i Ravnjak drugi.<\/p>\n\n\n\n<figure class=\"wp-block-image size-large\"><img loading=\"lazy\" decoding=\"async\" width=\"768\" height=\"1024\" src=\"http:\/\/www.vk-korana.hr\/wordpress\/wp-content\/uploads\/2023\/06\/Jaksic-2x-Jumbo-768x1024.jpg\" alt=\"\" class=\"wp-image-11135\" srcset=\"http:\/\/www.vk-korana.hr\/wordpress\/wp-content\/uploads\/2023\/06\/Jaksic-2x-Jumbo-768x1024.jpg 768w, http:\/\/www.vk-korana.hr\/wordpress\/wp-content\/uploads\/2023\/06\/Jaksic-2x-Jumbo-225x300.jpg 225w, http:\/\/www.vk-korana.hr\/wordpress\/wp-content\/uploads\/2023\/06\/Jaksic-2x-Jumbo-1152x1536.jpg 1152w, http:\/\/www.vk-korana.hr\/wordpress\/wp-content\/uploads\/2023\/06\/Jaksic-2x-Jumbo.jpg 1536w\" sizes=\"auto, (max-width: 768px) 100vw, 768px\" \/><\/figure>\n\n\n\n<figure class=\"wp-block-image size-large\"><img loading=\"lazy\" decoding=\"async\" width=\"768\" height=\"1024\" src=\"http:\/\/www.vk-korana.hr\/wordpress\/wp-content\/uploads\/2023\/06\/Sime-2x-Jumbo-768x1024.jpg\" alt=\"\" class=\"wp-image-11137\" srcset=\"http:\/\/www.vk-korana.hr\/wordpress\/wp-content\/uploads\/2023\/06\/Sime-2x-Jumbo-768x1024.jpg 768w, http:\/\/www.vk-korana.hr\/wordpress\/wp-content\/uploads\/2023\/06\/Sime-2x-Jumbo-225x300.jpg 225w, http:\/\/www.vk-korana.hr\/wordpress\/wp-content\/uploads\/2023\/06\/Sime-2x-Jumbo-1152x1536.jpg 1152w, http:\/\/www.vk-korana.hr\/wordpress\/wp-content\/uploads\/2023\/06\/Sime-2x-Jumbo.jpg 1536w\" sizes=\"auto, (max-width: 768px) 100vw, 768px\" \/><\/figure>\n\n\n\n<p>Ema Hodak natjecala se u skifu za juniorke B zauzev\u0161i 3. mjesto (8:32.14) u A finalu. U prednatjecanju je bila prva. Hodak je nastupila i u kombiniranoj posadi \u010detverca za juniorke B (Croatia, Iktus i Korana) s Petrom Marde\u0161i\u0107, Gretom Dragi\u0161i\u0107 i Dunjom Viszmeg. Utrku su zavr\u0161ile na 1. mjestu (6:53.82). <\/p>\n\n\n\n<p>U kombiniranoj posadi dvojca na pari\u0107e za juniore A veslali su David Medica (Istra) i Luka Hajdin zauzeli su 3. mjesto a A finalu (6:46.59). U eliminacijama su zauzeli 2. mjesto. Luka Hajdin je nastupio i u skifu za juniore A. Utrku je zavr\u0161io na 4. mjestu (7:25.54) A finala, a u prednatjecanju je bio prvi. <\/p>\n\n\n\n<figure class=\"wp-block-image size-large\"><img loading=\"lazy\" decoding=\"async\" width=\"768\" height=\"1024\" src=\"http:\/\/www.vk-korana.hr\/wordpress\/wp-content\/uploads\/2023\/06\/Hajdin-2x-Jumbo-768x1024.jpg\" alt=\"\" class=\"wp-image-11136\" srcset=\"http:\/\/www.vk-korana.hr\/wordpress\/wp-content\/uploads\/2023\/06\/Hajdin-2x-Jumbo-768x1024.jpg 768w, http:\/\/www.vk-korana.hr\/wordpress\/wp-content\/uploads\/2023\/06\/Hajdin-2x-Jumbo-225x300.jpg 225w, http:\/\/www.vk-korana.hr\/wordpress\/wp-content\/uploads\/2023\/06\/Hajdin-2x-Jumbo-1152x1536.jpg 1152w, http:\/\/www.vk-korana.hr\/wordpress\/wp-content\/uploads\/2023\/06\/Hajdin-2x-Jumbo.jpg 1536w\" sizes=\"auto, (max-width: 768px) 100vw, 768px\" \/><\/figure>\n\n\n\n<p>\u010cetverac na pari\u0107e karlova\u010dke Korane za juniore B s posadom Matija Car, Jan Latkovi\u0107, Josip Jak\u0161i\u0107 i \u0160ime Ravnjak zauzeli su 1. mjesto (6:36.21) u prednatjecanju, a 3. mjesto u A finalu. <\/p>\n\n\n\n<p>Dvojac na pari\u0107e za kadete A karlova\u010dke Korane s posadom David Mika\u0161inovi\u0107 i Leon Opa\u010di\u0107 zauzeo je 3. mjesto u prednatjecanju, a u B finalu zauzeli su 1. mjesto (3:51.67). <\/p>\n\n\n\n<p>PREGLED REZULTATA VK KORANE:<\/p>\n\n\n\n<p><span><em style=\"font-weight: bold;\">Subota 3.6.<\/em><\/span><\/p>\n\n\n\n<p>Luka Hajdin&nbsp;&nbsp;&nbsp;&nbsp;&nbsp;&nbsp;&nbsp;&nbsp;&nbsp;&nbsp;&nbsp;&nbsp;&nbsp;&nbsp;&nbsp;&nbsp;&nbsp;&nbsp;&nbsp;&nbsp;&nbsp;&nbsp;&nbsp;&nbsp;&nbsp;&nbsp;&nbsp;&nbsp;&nbsp;&nbsp;&nbsp;&nbsp;&nbsp;&nbsp;&nbsp;&nbsp;&nbsp;&nbsp;&nbsp;&nbsp;&nbsp;&nbsp;&nbsp;&nbsp;&nbsp;&nbsp;&nbsp;&nbsp;&nbsp;&nbsp;&nbsp;&nbsp;&nbsp;&nbsp;&nbsp;&nbsp; 1xJMA&nbsp;&nbsp;&nbsp;&nbsp;&nbsp;&nbsp;&nbsp;&nbsp;&nbsp;&nbsp;&nbsp;&nbsp;&nbsp; 4. mjesto&nbsp;&nbsp;&nbsp;&nbsp;&nbsp;&nbsp;&nbsp;&nbsp;&nbsp; FA<\/p>\n\n\n\n<p><strong>Ema Hodak, <\/strong>Marde\u0161i\u0107, Drag\u0161i\u0107, Viszmeg<strong>&nbsp;&nbsp;&nbsp;&nbsp;&nbsp;&nbsp;&nbsp;&nbsp;&nbsp;&nbsp;&nbsp;&nbsp; 4xJ\u017dB&nbsp;&nbsp;&nbsp;&nbsp;&nbsp;&nbsp;&nbsp;&nbsp;&nbsp;&nbsp;&nbsp;&nbsp;&nbsp;&nbsp; 1. mjesto&nbsp;&nbsp;&nbsp;&nbsp;&nbsp;&nbsp;&nbsp;&nbsp;&nbsp; FA, ZLATNA MEDALJA<\/strong><\/p>\n\n\n\n<p><strong>M. Car, J. Latkovi\u0107, J. Jak\u0161i\u0107, \u0160. Ravnjak&nbsp;&nbsp;&nbsp;&nbsp;&nbsp;&nbsp;&nbsp;&nbsp;&nbsp;&nbsp; 4xJMB&nbsp;&nbsp;&nbsp;&nbsp;&nbsp;&nbsp;&nbsp;&nbsp;&nbsp;&nbsp;&nbsp;&nbsp;&nbsp; 3. mjesto&nbsp;&nbsp;&nbsp;&nbsp;&nbsp;&nbsp;&nbsp;&nbsp;&nbsp; FA, BRON\u010cANA MEDALJA<\/strong><\/p>\n\n\n\n<p><strong><em>Nedjelja 4.6.<\/em><\/strong><\/p>\n\n\n\n<p>D. Mika\u0161inovi\u0107, L. Opa\u010di\u0107&nbsp;&nbsp;&nbsp;&nbsp;&nbsp;&nbsp;&nbsp;&nbsp;&nbsp;&nbsp;&nbsp;&nbsp;&nbsp;&nbsp;&nbsp;&nbsp;&nbsp;&nbsp;&nbsp;&nbsp;&nbsp;&nbsp;&nbsp;&nbsp; 2x KMA&nbsp;&nbsp;&nbsp;&nbsp;&nbsp;&nbsp;&nbsp;&nbsp;&nbsp;&nbsp;&nbsp; 1. mjesto&nbsp;&nbsp;&nbsp;&nbsp;&nbsp;&nbsp;&nbsp;&nbsp;&nbsp; FB<\/p>\n\n\n\n<p><strong>Ema Hodak&nbsp;&nbsp;&nbsp;&nbsp;&nbsp;&nbsp;&nbsp;&nbsp;&nbsp;&nbsp;&nbsp;&nbsp;&nbsp;&nbsp;&nbsp;&nbsp;&nbsp;&nbsp;&nbsp;&nbsp;&nbsp;&nbsp;&nbsp;&nbsp;&nbsp;&nbsp;&nbsp;&nbsp;&nbsp;&nbsp;&nbsp;&nbsp;&nbsp;&nbsp;&nbsp;&nbsp;&nbsp;&nbsp;&nbsp;&nbsp;&nbsp;&nbsp;&nbsp;&nbsp; 1xJ\u017dB&nbsp;&nbsp;&nbsp;&nbsp;&nbsp;&nbsp;&nbsp;&nbsp;&nbsp;&nbsp;&nbsp;&nbsp;&nbsp;&nbsp; 3. mjesto&nbsp;&nbsp;&nbsp;&nbsp;&nbsp;&nbsp;&nbsp;&nbsp;&nbsp; FA, BRON\u010cANA MEDALJA<\/strong><\/p>\n\n\n\n<p><strong>Josip Jak\u0161i\u0107, <\/strong>Sabelja&nbsp;&nbsp;&nbsp;&nbsp;&nbsp;&nbsp;&nbsp;&nbsp;&nbsp;&nbsp;&nbsp;&nbsp;&nbsp;&nbsp;&nbsp;&nbsp;&nbsp;&nbsp;&nbsp;&nbsp;&nbsp;&nbsp;&nbsp;&nbsp;&nbsp;&nbsp;&nbsp;&nbsp;&nbsp; <strong>2xJMB&nbsp;&nbsp;&nbsp;&nbsp;&nbsp;&nbsp;&nbsp;&nbsp;&nbsp;&nbsp;&nbsp;&nbsp;&nbsp; 1. mjesto<a>&nbsp;&nbsp;&nbsp;&nbsp;&nbsp;&nbsp;&nbsp;&nbsp;&nbsp; FA, ZLATNA MEDALJA<\/a><\/strong><\/p>\n\n\n\n<p><strong>Jan Latkovi\u0107, \u0160ime Ravnjak&nbsp;&nbsp;&nbsp;&nbsp;&nbsp;&nbsp;&nbsp;&nbsp;&nbsp;&nbsp;&nbsp;&nbsp;&nbsp;&nbsp;&nbsp;&nbsp;&nbsp;&nbsp; 2xJMB&nbsp;&nbsp;&nbsp;&nbsp;&nbsp;&nbsp;&nbsp;&nbsp;&nbsp;&nbsp;&nbsp;&nbsp;&nbsp; 3. mjesto&nbsp;&nbsp;&nbsp;&nbsp;&nbsp;&nbsp;&nbsp;&nbsp;&nbsp; FA, BRON\u010cANA MEDALJA<\/strong><\/p>\n\n\n\n<p><strong>Luka Hajdin, <\/strong>Medica&nbsp;&nbsp;&nbsp;&nbsp;&nbsp;&nbsp;&nbsp;&nbsp;&nbsp;&nbsp;&nbsp;&nbsp;&nbsp;&nbsp;&nbsp;&nbsp;&nbsp;&nbsp;&nbsp;&nbsp;&nbsp;&nbsp;&nbsp;&nbsp;&nbsp;&nbsp;&nbsp;&nbsp;&nbsp;&nbsp; <strong>2xJMA&nbsp;&nbsp;&nbsp;&nbsp;&nbsp;&nbsp;&nbsp;&nbsp;&nbsp;&nbsp;&nbsp;&nbsp;&nbsp; 3. mjesto&nbsp;&nbsp;&nbsp;&nbsp;&nbsp;&nbsp;&nbsp;&nbsp;&nbsp; FA, BRON\u010cANA MEDALJA<\/strong><\/p>\n\n\n\n<p><strong>Mauro Bauer&nbsp;&nbsp;&nbsp;&nbsp;&nbsp;&nbsp;&nbsp;&nbsp;&nbsp;&nbsp;&nbsp;&nbsp;&nbsp;&nbsp;&nbsp;&nbsp;&nbsp;&nbsp;&nbsp;&nbsp;&nbsp;&nbsp;&nbsp;&nbsp;&nbsp;&nbsp;&nbsp;&nbsp;&nbsp;&nbsp;&nbsp;&nbsp;&nbsp;&nbsp;&nbsp;&nbsp;&nbsp;&nbsp;&nbsp;&nbsp;&nbsp; 1xLJMA&nbsp;&nbsp;&nbsp;&nbsp;&nbsp;&nbsp;&nbsp;&nbsp;&nbsp;&nbsp;&nbsp; 1. mjesto&nbsp;&nbsp;&nbsp;&nbsp;&nbsp;&nbsp;&nbsp;&nbsp;&nbsp; FA, ZLATNA MEDALJA<\/strong><\/p>\n\n\n\n<p>Matija Car&nbsp;&nbsp;&nbsp;&nbsp;&nbsp;&nbsp;&nbsp;&nbsp;&nbsp;&nbsp;&nbsp;&nbsp;&nbsp;&nbsp;&nbsp;&nbsp;&nbsp;&nbsp;&nbsp;&nbsp;&nbsp;&nbsp;&nbsp;&nbsp;&nbsp;&nbsp;&nbsp;&nbsp;&nbsp;&nbsp;&nbsp;&nbsp;&nbsp;&nbsp;&nbsp;&nbsp;&nbsp;&nbsp;&nbsp;&nbsp;&nbsp;&nbsp;&nbsp;&nbsp;&nbsp;&nbsp;&nbsp; 1xLJMA&nbsp;&nbsp;&nbsp;&nbsp;&nbsp;&nbsp;&nbsp;&nbsp;&nbsp;&nbsp;&nbsp; 6. mjesto&nbsp;&nbsp;&nbsp;&nbsp;&nbsp;&nbsp;&nbsp;&nbsp;&nbsp; FA<\/p>\n","protected":false},"excerpt":{"rendered":"<p>Na jarunskom jezeru u Zagrebu, 3. i 4. lipnja, odr\u017eana je 25. me\u0111unarodna vesla\u010dka regata Jumbo n kojoj su nastupili vesla\u010di\/ce VK Korane s ukupno 10 predstavnika u 9 A finala, u kojima su osvojili 7 medalja od koji su 3 zlatne i 4 bron\u010dane. U A finalu utrke skifova za lake juniore A nastupile&hellip;<\/p>\n","protected":false},"author":8,"featured_media":0,"comment_status":"closed","ping_status":"open","sticky":false,"template":"","format":"standard","meta":{"ngg_post_thumbnail":0,"footnotes":""},"categories":[15,8],"tags":[],"class_list":["post-11132","post","type-post","status-publish","format-standard","hentry","category-veslaci","category-vijesti","category-15","category-8","description-off"],"_links":{"self":[{"href":"http:\/\/www.vk-korana.hr\/index.php?rest_route=\/wp\/v2\/posts\/11132","targetHints":{"allow":["GET"]}}],"collection":[{"href":"http:\/\/www.vk-korana.hr\/index.php?rest_route=\/wp\/v2\/posts"}],"about":[{"href":"http:\/\/www.vk-korana.hr\/index.php?rest_route=\/wp\/v2\/types\/post"}],"author":[{"embeddable":true,"href":"http:\/\/www.vk-korana.hr\/index.php?rest_route=\/wp\/v2\/users\/8"}],"replies":[{"embeddable":true,"href":"http:\/\/www.vk-korana.hr\/index.php?rest_route=%2Fwp%2Fv2%2Fcomments&post=11132"}],"version-history":[{"count":4,"href":"http:\/\/www.vk-korana.hr\/index.php?rest_route=\/wp\/v2\/posts\/11132\/revisions"}],"predecessor-version":[{"id":11140,"href":"http:\/\/www.vk-korana.hr\/index.php?rest_route=\/wp\/v2\/posts\/11132\/revisions\/11140"}],"wp:attachment":[{"href":"http:\/\/www.vk-korana.hr\/index.php?rest_route=%2Fwp%2Fv2%2Fmedia&parent=11132"}],"wp:term":[{"taxonomy":"category","embeddable":true,"href":"http:\/\/www.vk-korana.hr\/index.php?rest_route=%2Fwp%2Fv2%2Fcategories&post=11132"},{"taxonomy":"post_tag","embeddable":true,"href":"http:\/\/www.vk-korana.hr\/index.php?rest_route=%2Fwp%2Fv2%2Ftags&post=11132"}],"curies":[{"name":"wp","href":"https:\/\/api.w.org\/{rel}","templated":true}]}}