{"id":11270,"date":"2023-10-14T21:51:56","date_gmt":"2023-10-14T19:51:56","guid":{"rendered":"http:\/\/www.vk-korana.hr\/?p=11270"},"modified":"2023-10-14T21:51:58","modified_gmt":"2023-10-14T19:51:58","slug":"klupska-jesenska-regata-2023","status":"publish","type":"post","link":"http:\/\/www.vk-korana.hr\/?p=11270","title":{"rendered":"Klupska jesenska regata 2023."},"content":{"rendered":"\n<p>Za kraj sezone vesla\u010di i vesla\u010dice Korane podru\u017eili su se na tradicionalnoj klupskoj regati. Odr\u017eano je devet utrka u kategorijama od kadeta do seniora,  a nastupilo je 30-ak vesla\u010dica i vesla\u010da Vesla\u010dkog kluba Korana.\u00a0 Utrke su bilo vrlo zanimljive \u0161to je potvrdio i trener <strong>Zlatko Minja Katu\u0161in <\/strong>koji je uz trenera \u0160kole veslanja <strong>Abdulaha Abija Selimovi\u0107a<\/strong> odradio ovogodi\u0161nju regatu.<\/p>\n\n\n\n<p>&#8211; Regatu organiziramo kako bismo provjerili jednogodi\u0161nji rad s na\u0161im vesla\u010dicama i vesla\u010dima na kraju ovogodi\u0161nje vesla\u010dke sezone. Zadovoljan sam napretkom \u0161to su ga postigli i kvalitetom koja je prikazana. Utrke su svakako bile dobre i zanimljive. Kako rezultat nije bio primaran, jer je ovo bila na\u0161a klupska revijalna regata, ne bih nikoga posebno izdvajao ve\u0107 bih pohvalio sve koji su nastupili \u2013 <strong>ka\u017ee trener Katu\u0161in<\/strong>.<\/p>\n\n\n\n<p>Svakom sudioniku je za sje\u0107anje na regatu dobio diplomu i klupsku majicu koji im je uru\u010dio dopredsjednik kluba Boris Vrbanac.<\/p>\n\n\n\n<p><strong>REZULTATI<\/strong><\/p>\n\n\n\n<p>Utrka 1. 4XKMA\/B M\/\u017d<br>KOR2 \u2013 <strong>Tena Vu\u010deti\u0107, Lucija Dropuli\u0107, Lucija Britvec, Ema Vukovi\u0107 \u2013 1. mjesto<\/strong><br>KOR1 \u2013 Luka Vukovi\u0107, Jan Vuljani\u0107, Niko Ali\u0107, Matej Mika\u0161inovi\u0107 \u2013 2. mjesto<\/p>\n\n\n\n<p>Utrka 2. 1XKMA<br>KOR2 \u2013 <strong>Jan \u010crne \u2013 1. mjesto<\/strong><br>KOR1 \u2013 Noa Kralj \u2013 2. mjesto<\/p>\n\n\n\n<p>Utrka 3. 1XJMB<br>KOR1 \u2013 <strong>\u0160ime Ravnjak \u2013 1. mjesto<\/strong><br>KOR2 \u2013 Leon Opa\u010di\u0107 \u2013 2. mjesto<\/p>\n\n\n\n<p>Utrka 4. 1XJMA<br>KOR1 \u2013 <strong>Josip Jak\u0161i\u0107 \u2013 1. mjesto<\/strong><br>KOR2 \u2013 Jan Latkovi\u0107 \u2013 2. mjesto<br>KOR3 \u2013 Matija Car \u2013 3. mjesto<br>KOR4 \u2013 Ruben Selimovi\u0107 \u2013 4. mjesto<\/p>\n\n\n\n<p>Utrka 5. 1XSM\/L<br>KOR1 \u2013 <strong>Luka Hajdin \u2013 1. mjesto<\/strong><br>KOR2 \u2013 Mauro Bauer \u2013 2. mjesto<\/p>\n\n\n\n<p>Utrka 6. 2XKM 1. SKUPINA<br>KOR1 \u2013 <strong>Niko Dropuli\u0107, Noa Kralj \u2013 1. mjesto<\/strong><br>KOR2 \u2013 Jan \u010crne, Mihael \u0160utila \u2013 2. mjesto<\/p>\n\n\n\n<p>Utrka 7. 1XK\u017dB<br>KOR1 \u2013 <strong>Ema Hodak \u2013 1. mjesto<\/strong><br>KOR2 \u2013 Ema Vukovi\u0107 \u2013 2. mjesto<\/p>\n\n\n\n<p>Utrka 8. 2XJMA<br>KOR1 \u2013 <strong>\u0160ime Ravnjak, Luka Hajdin \u2013 1. mjesto<\/strong><br>KOR2 \u2013 Jan Latkovi\u0107, Josip Jak\u0161i\u0107 \u2013 2. mjesto<br>KOR3 \u2013 Matija Car, Mauro Bauer \u2013 3. mjesto<\/p>\n\n\n\n<p>Utrka 9. 2XKMA 2. SKUPINA<br>KOR4 \u2013 <strong>Vito Brozovi\u0107, Luka Peni\u0107 \u2013 1. mjesto<\/strong><br>KOR3 \u2013 Lovro Bo\u017ei\u0107, Lovro Mihailovi\u0107 \u2013 2. mjesto<\/p>\n\n\n\n<figure class=\"wp-block-image size-large\"><img loading=\"lazy\" decoding=\"async\" width=\"640\" height=\"378\" src=\"http:\/\/www.vk-korana.hr\/wordpress\/wp-content\/uploads\/2023\/10\/VKKorana_klupska-veslacka-regata_2023-1-1.jpg\" alt=\"\" class=\"wp-image-11272\" srcset=\"http:\/\/www.vk-korana.hr\/wordpress\/wp-content\/uploads\/2023\/10\/VKKorana_klupska-veslacka-regata_2023-1-1.jpg 640w, http:\/\/www.vk-korana.hr\/wordpress\/wp-content\/uploads\/2023\/10\/VKKorana_klupska-veslacka-regata_2023-1-1-300x177.jpg 300w\" sizes=\"auto, (max-width: 640px) 100vw, 640px\" \/><\/figure>\n\n\n\n<figure class=\"wp-block-image size-large is-resized\"><img loading=\"lazy\" decoding=\"async\" src=\"http:\/\/www.vk-korana.hr\/wordpress\/wp-content\/uploads\/2023\/10\/IMG-5951-768x1024.jpg\" alt=\"\" class=\"wp-image-11274\" width=\"582\" height=\"775\" srcset=\"http:\/\/www.vk-korana.hr\/wordpress\/wp-content\/uploads\/2023\/10\/IMG-5951-768x1024.jpg 768w, http:\/\/www.vk-korana.hr\/wordpress\/wp-content\/uploads\/2023\/10\/IMG-5951-225x300.jpg 225w, http:\/\/www.vk-korana.hr\/wordpress\/wp-content\/uploads\/2023\/10\/IMG-5951-1152x1536.jpg 1152w, http:\/\/www.vk-korana.hr\/wordpress\/wp-content\/uploads\/2023\/10\/IMG-5951.jpg 1200w\" sizes=\"auto, (max-width: 582px) 100vw, 582px\" \/><\/figure>\n\n\n\n<figure class=\"wp-block-image size-large is-resized\"><img loading=\"lazy\" decoding=\"async\" src=\"http:\/\/www.vk-korana.hr\/wordpress\/wp-content\/uploads\/2023\/10\/IMG-5952-768x1024.jpg\" alt=\"\" class=\"wp-image-11275\" width=\"579\" height=\"772\" srcset=\"http:\/\/www.vk-korana.hr\/wordpress\/wp-content\/uploads\/2023\/10\/IMG-5952-768x1024.jpg 768w, http:\/\/www.vk-korana.hr\/wordpress\/wp-content\/uploads\/2023\/10\/IMG-5952-225x300.jpg 225w, http:\/\/www.vk-korana.hr\/wordpress\/wp-content\/uploads\/2023\/10\/IMG-5952-1152x1536.jpg 1152w, http:\/\/www.vk-korana.hr\/wordpress\/wp-content\/uploads\/2023\/10\/IMG-5952.jpg 1200w\" sizes=\"auto, (max-width: 579px) 100vw, 579px\" \/><\/figure>\n\n\n\n<figure class=\"wp-block-image size-large\"><img loading=\"lazy\" decoding=\"async\" width=\"1024\" height=\"768\" src=\"http:\/\/www.vk-korana.hr\/wordpress\/wp-content\/uploads\/2023\/10\/IMG-5953.jpg\" alt=\"\" class=\"wp-image-11276\" srcset=\"http:\/\/www.vk-korana.hr\/wordpress\/wp-content\/uploads\/2023\/10\/IMG-5953.jpg 1024w, http:\/\/www.vk-korana.hr\/wordpress\/wp-content\/uploads\/2023\/10\/IMG-5953-300x225.jpg 300w, http:\/\/www.vk-korana.hr\/wordpress\/wp-content\/uploads\/2023\/10\/IMG-5953-768x576.jpg 768w\" sizes=\"auto, (max-width: 1024px) 100vw, 1024px\" \/><\/figure>\n","protected":false},"excerpt":{"rendered":"<p>Za kraj sezone vesla\u010di i vesla\u010dice Korane podru\u017eili su se na tradicionalnoj klupskoj regati. Odr\u017eano je devet utrka u kategorijama od kadeta do seniora, a nastupilo je 30-ak vesla\u010dica i vesla\u010da Vesla\u010dkog kluba Korana.\u00a0 Utrke su bilo vrlo zanimljive \u0161to je potvrdio i trener Zlatko Minja Katu\u0161in koji je uz trenera \u0160kole veslanja Abdulaha Abija&hellip;<\/p>\n","protected":false},"author":8,"featured_media":0,"comment_status":"closed","ping_status":"open","sticky":false,"template":"","format":"standard","meta":{"ngg_post_thumbnail":0,"footnotes":""},"categories":[15,8],"tags":[],"class_list":["post-11270","post","type-post","status-publish","format-standard","hentry","category-veslaci","category-vijesti","category-15","category-8","description-off"],"_links":{"self":[{"href":"http:\/\/www.vk-korana.hr\/index.php?rest_route=\/wp\/v2\/posts\/11270","targetHints":{"allow":["GET"]}}],"collection":[{"href":"http:\/\/www.vk-korana.hr\/index.php?rest_route=\/wp\/v2\/posts"}],"about":[{"href":"http:\/\/www.vk-korana.hr\/index.php?rest_route=\/wp\/v2\/types\/post"}],"author":[{"embeddable":true,"href":"http:\/\/www.vk-korana.hr\/index.php?rest_route=\/wp\/v2\/users\/8"}],"replies":[{"embeddable":true,"href":"http:\/\/www.vk-korana.hr\/index.php?rest_route=%2Fwp%2Fv2%2Fcomments&post=11270"}],"version-history":[{"count":2,"href":"http:\/\/www.vk-korana.hr\/index.php?rest_route=\/wp\/v2\/posts\/11270\/revisions"}],"predecessor-version":[{"id":11277,"href":"http:\/\/www.vk-korana.hr\/index.php?rest_route=\/wp\/v2\/posts\/11270\/revisions\/11277"}],"wp:attachment":[{"href":"http:\/\/www.vk-korana.hr\/index.php?rest_route=%2Fwp%2Fv2%2Fmedia&parent=11270"}],"wp:term":[{"taxonomy":"category","embeddable":true,"href":"http:\/\/www.vk-korana.hr\/index.php?rest_route=%2Fwp%2Fv2%2Fcategories&post=11270"},{"taxonomy":"post_tag","embeddable":true,"href":"http:\/\/www.vk-korana.hr\/index.php?rest_route=%2Fwp%2Fv2%2Ftags&post=11270"}],"curies":[{"name":"wp","href":"https:\/\/api.w.org\/{rel}","templated":true}]}}