{"id":11282,"date":"2023-11-23T10:06:24","date_gmt":"2023-11-23T08:06:24","guid":{"rendered":"http:\/\/www.vk-korana.hr\/?p=11282"},"modified":"2024-03-24T17:18:51","modified_gmt":"2024-03-24T15:18:51","slug":"pripreme-na-kraju-sezone-2023","status":"publish","type":"post","link":"http:\/\/www.vk-korana.hr\/?p=11282","title":{"rendered":"Pripreme na kraju sezone 2023."},"content":{"rendered":"\n<p>Nakon zavr\u0161ene vesla\u010dke sezone HVS organizira pripeme u Skradinu i Vodicama od 19. do 26. 11.<\/p>\n\n\n\n<p>Od na\u0161ih vesla\u010da poziv su zaslu\u017eili Luka Hajdin, Josip jak\u0161i\u0107 i \u0160ime Ravnjak, vesla\u010dica Ema Hodak i trener Minja Katu\u0161in. Luka i Josip su u Vodicama, a Ema i \u0160ime u Skradinu. Radi promjenjivog vremena dio se priprema odra\u0111uje na vodi, a dio na ergometrima. Mjerenja na ergometrima su pokazala veliki napredak na\u0161ih vesla\u010da u usporedbi s rezultatima na Otvorenom prvenstvu u Rijeci ove godine. <\/p>\n\n\n\n<p>Pored vesla\u010da Hrvatske u Skradinu su i brojni vesla\u010di iz slovenskih klubova.<\/p>\n\n\n\n<figure class=\"wp-block-image size-large\"><img loading=\"lazy\" decoding=\"async\" width=\"640\" height=\"480\" src=\"http:\/\/www.vk-korana.hr\/wordpress\/wp-content\/uploads\/2023\/11\/Ema-na-Prokljanskom-jezeru.jpg\" alt=\"\" class=\"wp-image-11283\" srcset=\"http:\/\/www.vk-korana.hr\/wordpress\/wp-content\/uploads\/2023\/11\/Ema-na-Prokljanskom-jezeru.jpg 640w, http:\/\/www.vk-korana.hr\/wordpress\/wp-content\/uploads\/2023\/11\/Ema-na-Prokljanskom-jezeru-300x225.jpg 300w\" sizes=\"auto, (max-width: 640px) 100vw, 640px\" \/><\/figure>\n\n\n\n<figure class=\"wp-block-image size-large\"><img loading=\"lazy\" decoding=\"async\" width=\"640\" height=\"480\" src=\"http:\/\/www.vk-korana.hr\/wordpress\/wp-content\/uploads\/2023\/11\/Decki.jpg\" alt=\"\" class=\"wp-image-11284\" srcset=\"http:\/\/www.vk-korana.hr\/wordpress\/wp-content\/uploads\/2023\/11\/Decki.jpg 640w, http:\/\/www.vk-korana.hr\/wordpress\/wp-content\/uploads\/2023\/11\/Decki-300x225.jpg 300w\" sizes=\"auto, (max-width: 640px) 100vw, 640px\" \/><\/figure>\n\n\n\n<p><\/p>\n","protected":false},"excerpt":{"rendered":"<p>Nakon zavr\u0161ene vesla\u010dke sezone HVS organizira pripeme u Skradinu i Vodicama od 19. do 26. 11. Od na\u0161ih vesla\u010da poziv su zaslu\u017eili Luka Hajdin, Josip jak\u0161i\u0107 i \u0160ime Ravnjak, vesla\u010dica Ema Hodak i trener Minja Katu\u0161in. Luka i Josip su u Vodicama, a Ema i \u0160ime u Skradinu. Radi promjenjivog vremena dio se priprema odra\u0111uje&hellip;<\/p>\n","protected":false},"author":8,"featured_media":11283,"comment_status":"closed","ping_status":"open","sticky":false,"template":"","format":"standard","meta":{"ngg_post_thumbnail":0,"footnotes":""},"categories":[15,8],"tags":[],"class_list":["post-11282","post","type-post","status-publish","format-standard","has-post-thumbnail","hentry","category-veslaci","category-vijesti","category-15","category-8","description-off"],"_links":{"self":[{"href":"http:\/\/www.vk-korana.hr\/index.php?rest_route=\/wp\/v2\/posts\/11282","targetHints":{"allow":["GET"]}}],"collection":[{"href":"http:\/\/www.vk-korana.hr\/index.php?rest_route=\/wp\/v2\/posts"}],"about":[{"href":"http:\/\/www.vk-korana.hr\/index.php?rest_route=\/wp\/v2\/types\/post"}],"author":[{"embeddable":true,"href":"http:\/\/www.vk-korana.hr\/index.php?rest_route=\/wp\/v2\/users\/8"}],"replies":[{"embeddable":true,"href":"http:\/\/www.vk-korana.hr\/index.php?rest_route=%2Fwp%2Fv2%2Fcomments&post=11282"}],"version-history":[{"count":1,"href":"http:\/\/www.vk-korana.hr\/index.php?rest_route=\/wp\/v2\/posts\/11282\/revisions"}],"predecessor-version":[{"id":11285,"href":"http:\/\/www.vk-korana.hr\/index.php?rest_route=\/wp\/v2\/posts\/11282\/revisions\/11285"}],"wp:featuredmedia":[{"embeddable":true,"href":"http:\/\/www.vk-korana.hr\/index.php?rest_route=\/wp\/v2\/media\/11283"}],"wp:attachment":[{"href":"http:\/\/www.vk-korana.hr\/index.php?rest_route=%2Fwp%2Fv2%2Fmedia&parent=11282"}],"wp:term":[{"taxonomy":"category","embeddable":true,"href":"http:\/\/www.vk-korana.hr\/index.php?rest_route=%2Fwp%2Fv2%2Fcategories&post=11282"},{"taxonomy":"post_tag","embeddable":true,"href":"http:\/\/www.vk-korana.hr\/index.php?rest_route=%2Fwp%2Fv2%2Ftags&post=11282"}],"curies":[{"name":"wp","href":"https:\/\/api.w.org\/{rel}","templated":true}]}}