{"id":11629,"date":"2024-04-02T08:54:22","date_gmt":"2024-04-02T06:54:22","guid":{"rendered":"https:\/\/www.vk-korana.hr\/?p=11629"},"modified":"2024-04-02T08:54:24","modified_gmt":"2024-04-02T06:54:24","slug":"skupstina-vk-korane-izbornik-hrvatske-veslacke-reprezentacije-darko-miksic-imamo-nekoliko-stalnih-reprezentativaca-iz-vk-korana-i-nadamo-se-da-ce-ih-biti-jos-vise","status":"publish","type":"post","link":"http:\/\/www.vk-korana.hr\/?p=11629","title":{"rendered":"SKUP\u0160TINA VK KORANE: Izbornik Hrvatske vesla\u010dke reprezentacije Darko Mik\u0161i\u0107: \u2018Imamo nekoliko stalnih reprezentativaca iz VK Korana i nadamo se da \u0107e ih biti jo\u0161 vi\u0161e\u2019"},"content":{"rendered":"\n<p>Vesla\u010dki klub Korana odr\u017eao je redovnu izvje\u0161tajnu godi\u0161nju skup\u0161tinu na kojoj je istaknuto da su vesla\u010dice i vesla\u010di kluba u pro\u0161loj godini nastupili na 16 vesla\u010dkih natjecanja od toga na 7 me\u0111unarodni regata.<\/p>\n\n\n<div class=\"wp-block-image\">\n<figure class=\"alignright size-large is-resized\"><img loading=\"lazy\" decoding=\"async\" width=\"1024\" height=\"599\" src=\"http:\/\/www.vk-korana.hr\/wordpress\/wp-content\/uploads\/2024\/04\/419542008_381265214795774_7736226965899131866_n-1024x599.jpg\" alt=\"\" class=\"wp-image-11631\" style=\"width:571px;height:auto\" srcset=\"http:\/\/www.vk-korana.hr\/wordpress\/wp-content\/uploads\/2024\/04\/419542008_381265214795774_7736226965899131866_n-1024x599.jpg 1024w, http:\/\/www.vk-korana.hr\/wordpress\/wp-content\/uploads\/2024\/04\/419542008_381265214795774_7736226965899131866_n-300x176.jpg 300w, http:\/\/www.vk-korana.hr\/wordpress\/wp-content\/uploads\/2024\/04\/419542008_381265214795774_7736226965899131866_n-768x449.jpg 768w, http:\/\/www.vk-korana.hr\/wordpress\/wp-content\/uploads\/2024\/04\/419542008_381265214795774_7736226965899131866_n-1536x899.jpg 1536w, http:\/\/www.vk-korana.hr\/wordpress\/wp-content\/uploads\/2024\/04\/419542008_381265214795774_7736226965899131866_n.jpg 2006w\" sizes=\"auto, (max-width: 1024px) 100vw, 1024px\" \/><\/figure>\n<\/div>\n\n\n<p>Protekla sezona bila je jedna od najuspje\u0161nijih u klupskoj povijesti. Korana\u0161i su u 2023. godini osvojili 62 odli\u010dja, 6 vi\u0161e nego prethodne 2022. godine, od kojih 34 prvih mjesta, 14. drugih i 14. tre\u0107ih mjesta. Na Otvorenim prvenstvom Hrvatske na vesla\u010dkim ergometrima osvajaju 2 odli\u010dja. Na regatama Vesla\u010dkog kupa \u2018Miljenko Finderle\u2019 osvojili su 6 prvih, 5 druga i 1 tre\u0107e mjesto. Petu godinu zaredom Ema Hodak je to natjecanje zavr\u0161ila je bez poraza. Klub je uspje\u0161no organizirao 70. Karlova\u010dku vesla\u010dku regatu i 32. Memorijal \u2018Bruno Cetinjanin\u2019 gdje je u ukupnom poretku klubova zauzeo prvo mjesto.<\/p>\n\n\n\n<p>ME\u0110UNARODNE REGATE<br>Na me\u0111unarodnoj regati u M\u00fcnchen-u u sastavu Hrvatske vesla\u010dke izborne vrste nastupilo je \u010detvero vesla\u010da (Ema Hodak, Luka Hajdin, Josip Jak\u0161i\u0107 i Mauro Bauer). Tri posade ulaze u A finala i posti\u017eu vrlo zapa\u017eene rezultate. U sastavu reprezentacije na Europskom vesla\u010dkom prvenstvu za juniore u Francuskoj nastupio je Luka Hajdin u disciplini \u010detverac na pari\u0107e zauzev\u0161i solidno 8. mjesto. Na Balkanskom prvenstvu u Bukure\u0161tu u sastavu reprezentacije nastupilo je troje vesla\u010da Korane. Ema Hodak u samcu za juniorke B zauzima 3. mjesto, a u \u010detvercu na pari\u0107e 4. mjesto, dok je Luka Hajdin u samcu za juniore A \u0161esti.<\/p>\n\n\n<div class=\"wp-block-image\">\n<figure class=\"alignleft size-full is-resized\"><img loading=\"lazy\" decoding=\"async\" width=\"1024\" height=\"576\" src=\"http:\/\/www.vk-korana.hr\/wordpress\/wp-content\/uploads\/2024\/04\/420195078_381264761462486_2081089855663520622_n.jpg\" alt=\"\" class=\"wp-image-11632\" style=\"width:388px;height:auto\" srcset=\"http:\/\/www.vk-korana.hr\/wordpress\/wp-content\/uploads\/2024\/04\/420195078_381264761462486_2081089855663520622_n.jpg 1024w, http:\/\/www.vk-korana.hr\/wordpress\/wp-content\/uploads\/2024\/04\/420195078_381264761462486_2081089855663520622_n-300x169.jpg 300w, http:\/\/www.vk-korana.hr\/wordpress\/wp-content\/uploads\/2024\/04\/420195078_381264761462486_2081089855663520622_n-768x432.jpg 768w\" sizes=\"auto, (max-width: 1024px) 100vw, 1024px\" \/><\/figure>\n<\/div>\n\n\n<p>Povijesno uspje\u0161nim rezultatima mo\u017eemo ocijeniti nastup na\u0161ih natjecatelja na Me\u0111unarodnoj regati na Bledu gdje u sastavu reprezentacije nastupaju Ema Hodak, Luka Hajdin i Josip Jak\u0161i\u0107, dok Jan Latkovi\u0107 i \u0160ime Ravnjak nastupaju kao klupske posade. Osvajaju sedam odli\u010dja \u0161to je u dosada\u0161njoj klupskoj povijesti na toj regati daleko najve\u0107i uspjeh. Ema Hodak osvaja dva prva mjesta u disciplini dvojac na pari\u0107e za juniorke B i \u010detvercu na pari\u0107e za juniorke B, Luka Hajdin u disciplini samac juniori A zauzima drugo mjesto u konkurenciji 43 posade, a Josip Jak\u0161i\u0107 u dvojcu na pari\u0107e za juniore B prvo mjesto i u samcu za juniore B tre\u0107e mjesto \u2013 kazao je profesionalni trener Zlatko Katu\u0161in, predsjednik Stru\u010dno-programskog povjerenstva.<br>PRVENSTVO HRVATSKE<br>Na prvenstvu Hrvatske Korana osvaja 5 odli\u010dja, \u0161to predstavlja veliki napredak u odnosu na prethodnu sezonu. Prvakinjom dr\u017eave peti put zaredom je Ema Hodak u disciplini samac juniorke B te Mauro Bauer u disciplini samac laki juniori A. Drugo mjesto na dr\u017eavnom prvenstvu zauzima Luka Hajdin u samcu za juniore A i dvojac na pari\u0107e za juniore B u sastavu Jan Latkovi\u0107 i \u0160ime Ravnjak. Bron\u010danu medalju osvaja i Josip Jak\u0161i\u0107 u disciplini samac za juniore B.<\/p>\n\n\n\n<p>Ako analiziramo nastup na\u0161ih vesla\u010da na dr\u017eavnom prvenstvu mo\u017eemo re\u0107i da smo bili znatno uspje\u0161niji nego 2022. godine \u0161to je u ukupnom plasmanu na\u0161 klub svrstalo na 12. mjesto u konkurenciji 28 klubova. Na kraju ovog cjelokupnog pregleda samo najboljih rezultata mo\u017eemo re\u0107i da je protekla sezona jedna od najuspje\u0161nijih u klupskoj povijesti. Imamo jednu jako nadarenu i kvalitetnu generaciju mladih vesla\u010dica i vesla\u010da od kojih se u vremenu koje nadolazi mo\u017ee o\u010dekivati visoke sportske dosege \u2013 zaklju\u010dio je Katu\u0161in.<\/p>\n\n\n\n<p>Darko Mik\u0161i\u0107<br>Izbornik Hrvatske vesla\u010dke reprezentacije Darko Mik\u0161i\u0107 nije skrivao zadovoljstvo rezultatima koje su postigli mladi vesla\u010di.<\/p>\n\n\n<div class=\"wp-block-image\">\n<figure class=\"alignright size-full is-resized\"><img loading=\"lazy\" decoding=\"async\" width=\"505\" height=\"497\" src=\"http:\/\/www.vk-korana.hr\/wordpress\/wp-content\/uploads\/2024\/04\/420390307_381264744795821_656688431737773993_n.jpg\" alt=\"\" class=\"wp-image-11633\" style=\"width:328px;height:auto\" srcset=\"http:\/\/www.vk-korana.hr\/wordpress\/wp-content\/uploads\/2024\/04\/420390307_381264744795821_656688431737773993_n.jpg 505w, http:\/\/www.vk-korana.hr\/wordpress\/wp-content\/uploads\/2024\/04\/420390307_381264744795821_656688431737773993_n-300x295.jpg 300w\" sizes=\"auto, (max-width: 505px) 100vw, 505px\" \/><\/figure>\n<\/div>\n\n\n<p>Imamo nekoliko stalnih reprezentativaca iz Vesla\u010dkog kluba Korana i nadamo se da \u0107e ih biti jo\u0161 vi\u0161e. Svakako \u0107emo im izlaziti u susret i nabavljati barem vrhunsku opremu, kad im ve\u0107 vodeni uvjeti nisu idealni. Kako sam ro\u0111en u Karlovcu posebno mi drago do\u0107i ovdje i s ovim malim, vrijednim klubom, proslaviti ovako velike rezultate \u2013 kazao je Mik\u0161i\u0107.<\/p>\n\n\n\n<p>TRENERI<br>U realizaciji cjelokupnog trena\u017enog procesa sudjelovali su jedan profesionalni trener i jedan trener volonter. Svi treneri licencirani su od strane HOO-a. Jedan od glavnih prioriteta u radu kluba name\u0107e se anga\u017eman barem jo\u0161 jednog trenera.<\/p>\n\n\n\n<p>\u0160KOLA VESLANJA<br>\u0160kola veslanja VK Korana okuplja 30-tak polaznika u dobi od 10-14 godina. U 2023. godini \u0160kolu veslanja vodilo je trener Abdulah Selimovi\u0107. Treninzi su odr\u017eavani \u010detiri puta tjedno.<\/p>\n\n\n\n<p>UVJETI RADA<br>Problem za vesla\u010dki sport u Karlovcu i nadalje predstavlja rad Hidroelektrane Le\u0161\u0107e jer dolazi do naglih i nepredvidivih oscilacija vodostaja rijeke Kupe osobito u prolje\u0107e \u0161to u znatnoj mjeri ote\u017eava odvijanje treninga na vodi.<\/p>\n\n\n\n<p>PLAN NASTUPA U 2024.<br>Plan nastupa u 2024. godini uskla\u0111en je s kalendarom natjecanja HVS-a, i kalendarom natjecanja koje je donio Upravni odbor VK Korana. Za o\u010dekivati je da \u0107e vesla\u010di nastupiti i na me\u0111unarodnim vesla\u010dkim natjecanjima, europskom i svjetskom U19 prvenstvu te na Balkanskom vesla\u010dkom prvenstvu. Sredi\u0161nji doma\u0107i vesla\u010dki doga\u0111aj bit \u0107e organizacija 71. Karlova\u010dke regate i 33. Memorijala \u2018Bruno Cetinjanin\u2019.<\/p>\n\n\n\n<p>Plakete vesla\u010dima s najbolje postignutim rezultatima u 2023. godini uru\u010dili su izbornik svih selekcija Hrvatskog vesla\u010dkog saveza Darko Mik\u0161i\u0107, glavni tajnik Zagreba\u010dkog vesla\u010dkog saveza Josip Kosteli\u0107 i glavna tajnica Karlova\u010dke \u0161portske zajednice Marijeta \u0106eli\u0107 \u2013 Emi Hodak, Mauru Baueru, Luki Hajdinu, Janu Latkovi\u0107u, \u0160imi Ravnjaku i Josipu Jak\u0161i\u0107u, a predsjednik kluba Bruno Rogi\u0107 uru\u010dio je plakete-zahvalu za pomo\u0107 klubu, Obrtu GMITT Le\u0161\u010danec iz Ozlja i Restoranu Kvaka.<\/p>\n\n\n<div class=\"wp-block-image\">\n<figure class=\"aligncenter size-large is-resized\"><img loading=\"lazy\" decoding=\"async\" width=\"1024\" height=\"540\" src=\"https:\/\/www.vk-korana.hr\/wordpress\/wp-content\/uploads\/2024\/04\/417684283_381264654795830_7615756681249329494_n-1024x540.jpg\" alt=\"\" class=\"wp-image-11634\" style=\"width:619px;height:auto\" srcset=\"http:\/\/www.vk-korana.hr\/wordpress\/wp-content\/uploads\/2024\/04\/417684283_381264654795830_7615756681249329494_n-1024x540.jpg 1024w, http:\/\/www.vk-korana.hr\/wordpress\/wp-content\/uploads\/2024\/04\/417684283_381264654795830_7615756681249329494_n-300x158.jpg 300w, http:\/\/www.vk-korana.hr\/wordpress\/wp-content\/uploads\/2024\/04\/417684283_381264654795830_7615756681249329494_n-768x405.jpg 768w, http:\/\/www.vk-korana.hr\/wordpress\/wp-content\/uploads\/2024\/04\/417684283_381264654795830_7615756681249329494_n-1536x810.jpg 1536w, http:\/\/www.vk-korana.hr\/wordpress\/wp-content\/uploads\/2024\/04\/417684283_381264654795830_7615756681249329494_n.jpg 2048w\" sizes=\"auto, (max-width: 1024px) 100vw, 1024px\" \/><\/figure>\n<\/div>\n\n\n<p>Prvu Nagradu \u201eTibor Heksch\u201c zaslu\u017enom \u010dlanu kluba koju je osigurala Udruga \u017eidovske zajednice u Karlovcu, a predala je njena predsjednica Tena Korkut, dobio je trener Zlatko Minja Katu\u0161in.<\/p>\n\n\n<div class=\"wp-block-image\">\n<figure class=\"alignleft size-full is-resized\"><img loading=\"lazy\" decoding=\"async\" width=\"621\" height=\"679\" src=\"https:\/\/www.vk-korana.hr\/wordpress\/wp-content\/uploads\/2024\/04\/419269567_381265668129062_3407059847707909162_n.jpg\" alt=\"\" class=\"wp-image-11635\" style=\"width:262px;height:auto\" srcset=\"http:\/\/www.vk-korana.hr\/wordpress\/wp-content\/uploads\/2024\/04\/419269567_381265668129062_3407059847707909162_n.jpg 621w, http:\/\/www.vk-korana.hr\/wordpress\/wp-content\/uploads\/2024\/04\/419269567_381265668129062_3407059847707909162_n-274x300.jpg 274w\" sizes=\"auto, (max-width: 621px) 100vw, 621px\" \/><\/figure>\n<\/div>\n\n\n<p>Ono \u0161to povijest i njegovi suvremenici o njemu ka\u017eu je kako je Tibor Heksch bio srce i du\u0161a ovog kluba i iznimno strastven vesla\u010d. Na\u017ealost nije izbjegao tragi\u010dnu sudbinu, a njemu u \u010dast ve\u0107 smo krstili \u010damac s njegovim imenom. Drago mi je da je prva nagrada oti\u0161la upravo treneru Katu\u0161inu, koji je, kao i Tibor Heksch, puno napravio za ovaj klub \u2013 kazala je Tena Korkut, predsjednica Udruge \u201c\u017didovi u Karlovcu\u201d.<\/p>\n\n\n\n<p>IZVJE\u0160\u0106E PREDSJEDNIKA KLUBA<\/p>\n\n\n\n<p>Bruno Rogi\u0107<\/p>\n\n\n\n<p>Predsjednik klub Bruno Rogi\u0107 u svom je izvje\u0161\u0107u naglasio ulaganja u program osiguranja i o\u010duvanja osnove za rad kazav\u0161i kako je u 2023. godini kupljen novi prate\u0107i \u010damac, 2 kliza\u010da za ergometre, 6 pari vesla\u010dkih tenisica i popravljena su dva \u0161kolska samca. Preko natje\u010daja Zajednice \u0161portova Karlova\u010dke \u017eupanije i Ministarstva turizma i sporta u projektu \u201eDjeca ka\u017eu SPORT\u201c nabavljen je uz dodatnu pomo\u0107 Karlova\u010dke \u0161portske zajednice novi samac marke Filippi. Donacijom simpatizera kluba Borisa \u017dugelja klub je dobio gliser s prikolicom. U svrhu informiranost o radu kluba i promocije vesla\u010dkog sporta, u Kinu Edison je prikazan film o klubu \u201eVeslanje kroz vrijeme KVK 1935. \u2013 2005.\u201c kojom prigodom su predstavljeni i svi regatni vesla\u010di s naglaskom na postignute rezultate u pro\u0161loj godini.<\/p>\n\n\n<div class=\"wp-block-image\">\n<figure class=\"alignright size-large is-resized\"><img loading=\"lazy\" decoding=\"async\" width=\"1024\" height=\"552\" src=\"https:\/\/www.vk-korana.hr\/wordpress\/wp-content\/uploads\/2024\/04\/417892461_381265008129128_3968717084968145330_n-1024x552.jpg\" alt=\"\" class=\"wp-image-11636\" style=\"width:401px;height:auto\" srcset=\"http:\/\/www.vk-korana.hr\/wordpress\/wp-content\/uploads\/2024\/04\/417892461_381265008129128_3968717084968145330_n-1024x552.jpg 1024w, http:\/\/www.vk-korana.hr\/wordpress\/wp-content\/uploads\/2024\/04\/417892461_381265008129128_3968717084968145330_n-300x162.jpg 300w, http:\/\/www.vk-korana.hr\/wordpress\/wp-content\/uploads\/2024\/04\/417892461_381265008129128_3968717084968145330_n-768x414.jpg 768w, http:\/\/www.vk-korana.hr\/wordpress\/wp-content\/uploads\/2024\/04\/417892461_381265008129128_3968717084968145330_n-1536x829.jpg 1536w, http:\/\/www.vk-korana.hr\/wordpress\/wp-content\/uploads\/2024\/04\/417892461_381265008129128_3968717084968145330_n.jpg 1572w\" sizes=\"auto, (max-width: 1024px) 100vw, 1024px\" \/><\/figure>\n<\/div>\n\n\n<p>Naravno, u \u017eivotu kluba ima i te\u0161kih trenutaka tako da smo na osnovu anonimnih prijava imali poreznu inspekciju, policijsku inspekciju i inspekciju Hrvatskih voda. Porezna inspekcija je utvrdila prekr\u0161aj pri iznajmljivanju teniskih terena. Posljedica je da do daljnjega se ne\u0107e igrati tenis. Policijska inspekcija nakon opse\u017enih ispitivanja je utvrdila neznatna odstupanja u vo\u0111enju evidencija, \u0161to je odmah otklonjeno. S Hrvatskim vodama smo uskladili sve zakonske odredbe vezane za na\u0161a dva pontona na rijeci Kupi \u2013 kazao je predsjednik Rogi\u0107 dodav\u0161i:<br>Sve navedene aktivnosti i sportski rezultati ostvareni su uz veliki anga\u017eman \u010dlanova i prijatelja kluba, trenera i vesla\u010da, potporu sponzora i donatora, Grada Karlovca i Karlova\u010dke \u017eupanije, Karlova\u010dke \u0161portske zajednice i Zajednice \u0161portova Karlova\u010dke \u017eupanije-. Svima ovom prigodom iskazujem na\u0161u iskrenu zahvalnost. Zahvaljujem se i svim medijima na kontinuiranom i korektnom pra\u0107enju rada i rezultata \u2013 kazao je Bruno Rogi\u0107.<br>Predsjednik Bruno Rogi\u0107 izvijestio je skup\u0161tinu da je iz privatnih razloga Upravnog odboru podnio ostavku na funkciju predsjednika , ali ostat \u0107e \u010dlan Upravnog odbora, a do izbora novog predsjednika klub \u0107e voditi dopredsjednik Boris Vrbanac.<\/p>\n","protected":false},"excerpt":{"rendered":"<p>Vesla\u010dki klub Korana odr\u017eao je redovnu izvje\u0161tajnu godi\u0161nju skup\u0161tinu na kojoj je istaknuto da su vesla\u010dice i vesla\u010di kluba u pro\u0161loj godini nastupili na 16 vesla\u010dkih natjecanja od toga na 7 me\u0111unarodni regata. Protekla sezona bila je jedna od najuspje\u0161nijih u klupskoj povijesti. Korana\u0161i su u 2023. godini osvojili 62 odli\u010dja, 6 vi\u0161e nego prethodne&hellip;<\/p>\n","protected":false},"author":1,"featured_media":11630,"comment_status":"closed","ping_status":"open","sticky":false,"template":"","format":"standard","meta":{"ngg_post_thumbnail":0,"footnotes":""},"categories":[8],"tags":[],"class_list":["post-11629","post","type-post","status-publish","format-standard","has-post-thumbnail","hentry","category-vijesti","category-8","description-off"],"_links":{"self":[{"href":"http:\/\/www.vk-korana.hr\/index.php?rest_route=\/wp\/v2\/posts\/11629","targetHints":{"allow":["GET"]}}],"collection":[{"href":"http:\/\/www.vk-korana.hr\/index.php?rest_route=\/wp\/v2\/posts"}],"about":[{"href":"http:\/\/www.vk-korana.hr\/index.php?rest_route=\/wp\/v2\/types\/post"}],"author":[{"embeddable":true,"href":"http:\/\/www.vk-korana.hr\/index.php?rest_route=\/wp\/v2\/users\/1"}],"replies":[{"embeddable":true,"href":"http:\/\/www.vk-korana.hr\/index.php?rest_route=%2Fwp%2Fv2%2Fcomments&post=11629"}],"version-history":[{"count":1,"href":"http:\/\/www.vk-korana.hr\/index.php?rest_route=\/wp\/v2\/posts\/11629\/revisions"}],"predecessor-version":[{"id":11637,"href":"http:\/\/www.vk-korana.hr\/index.php?rest_route=\/wp\/v2\/posts\/11629\/revisions\/11637"}],"wp:featuredmedia":[{"embeddable":true,"href":"http:\/\/www.vk-korana.hr\/index.php?rest_route=\/wp\/v2\/media\/11630"}],"wp:attachment":[{"href":"http:\/\/www.vk-korana.hr\/index.php?rest_route=%2Fwp%2Fv2%2Fmedia&parent=11629"}],"wp:term":[{"taxonomy":"category","embeddable":true,"href":"http:\/\/www.vk-korana.hr\/index.php?rest_route=%2Fwp%2Fv2%2Fcategories&post=11629"},{"taxonomy":"post_tag","embeddable":true,"href":"http:\/\/www.vk-korana.hr\/index.php?rest_route=%2Fwp%2Fv2%2Ftags&post=11629"}],"curies":[{"name":"wp","href":"https:\/\/api.w.org\/{rel}","templated":true}]}}