{"id":11736,"date":"2024-04-11T20:28:34","date_gmt":"2024-04-11T18:28:34","guid":{"rendered":"https:\/\/www.vk-korana.hr\/?p=11736"},"modified":"2024-04-11T20:29:25","modified_gmt":"2024-04-11T18:29:25","slug":"svecanost-u-klubu-zahvala-obrtu-gmtt-lescanec-iz-ozlja-plaketu-preuzela-karmen-lescanec","status":"publish","type":"post","link":"http:\/\/www.vk-korana.hr\/?p=11736","title":{"rendered":"SVE\u010cANOST U KLUBU: Zahvala Obrtu GMTT Le\u0161\u0107anec iz Ozlja, plaketu preuzela Karmen Le\u0161\u0107anec"},"content":{"rendered":"\n<p><strong>Godi\u0161nja skup\u0161tina na\u0161eg kluba odr\u017eana je krajem o\u017eujka na kojoj su dodijeljene plakete regatnim vesla\u010dima za postignute rezultate u pro\u0161loj godini. Treneru Zlatku Katu\u0161inu uru\u010dena je i prva Nagrada \u201eTibor Heksch\u201c koju \u0107e ubudu\u0107e Udruga \u017eidovske zajednice u Karlovcu dodjeljivati zaslu\u017enom \u010dlanu kluba.<\/strong><\/p>\n\n\n<div class=\"wp-block-image\">\n<figure class=\"alignleft size-full is-resized\"><img loading=\"lazy\" decoding=\"async\" width=\"480\" height=\"428\" src=\"https:\/\/www.vk-korana.hr\/wordpress\/wp-content\/uploads\/2024\/04\/karmen-lescanec-480.jpg\" alt=\"\" class=\"wp-image-11738\" style=\"width:372px;height:auto\" srcset=\"http:\/\/www.vk-korana.hr\/wordpress\/wp-content\/uploads\/2024\/04\/karmen-lescanec-480.jpg 480w, http:\/\/www.vk-korana.hr\/wordpress\/wp-content\/uploads\/2024\/04\/karmen-lescanec-480-300x268.jpg 300w\" sizes=\"auto, (max-width: 480px) 100vw, 480px\" \/><\/figure>\n<\/div>\n\n\n<p>Upravni odbor Korane odlu\u010dio je tako\u0111er da \u0107e se na skup\u0161tini zahvaliti donatorima koji su pomogli klub u 2023. pa je svoju plaketu za Restoran Kvaka do\u0161la preuzeti Renata Grube\u0161i\u0107. Kako su bili sprije\u010deni do\u0107i iz Obrta GMTT Le\u0161\u0107anec iz Ozlja, plaketa im je uru\u010dena u Vesla\u010dkom domu na Dubovcu, u \u010detvrtak 11. travnja. Preuzela je <strong>Karmen Le\u0161\u0107anec<\/strong> u nazo\u010dnosti predsjednika <strong>Borisa Vrbanca <\/strong>i \u010dlana Uprave <strong>Brune Rogi\u0107a<\/strong>.<\/p>\n\n\n\n<ul class=\"wp-block-list\">\n<li>Rad s djecom je najljep\u0161a stvar koja se doga\u0111a jednom u klubu. Djeca se jednostavno di\u017eu svakim treningom. Treniranje je odgovornost koju pokazuju na treninzima a na\u0161a je obveza poduprijeti ih. Mi smo tu zbog djece, roditeljska pomo\u0107, ruka zajedni\u0161tva roditelja, kluba i djece. Svi poma\u017eemo njihovom u razvoju. Takav rad prepoznali smo u Vesla\u010dkom klubu Korana i zato smo odlu\u010dili uklju\u010diti se i pomo\u0107i \u2013<strong> kazala je Karmen Le\u0161\u0107anec<\/strong>.<\/li>\n<\/ul>\n","protected":false},"excerpt":{"rendered":"<p>Godi\u0161nja skup\u0161tina na\u0161eg kluba odr\u017eana je krajem o\u017eujka na kojoj su dodijeljene plakete regatnim vesla\u010dima za postignute rezultate u pro\u0161loj godini. Treneru Zlatku Katu\u0161inu uru\u010dena je i prva Nagrada \u201eTibor Heksch\u201c koju \u0107e ubudu\u0107e Udruga \u017eidovske zajednice u Karlovcu dodjeljivati zaslu\u017enom \u010dlanu kluba. Upravni odbor Korane odlu\u010dio je tako\u0111er da \u0107e se na skup\u0161tini zahvaliti&hellip;<\/p>\n","protected":false},"author":1,"featured_media":11739,"comment_status":"closed","ping_status":"open","sticky":false,"template":"","format":"standard","meta":{"ngg_post_thumbnail":0,"footnotes":""},"categories":[8],"tags":[],"class_list":["post-11736","post","type-post","status-publish","format-standard","has-post-thumbnail","hentry","category-vijesti","category-8","description-off"],"_links":{"self":[{"href":"http:\/\/www.vk-korana.hr\/index.php?rest_route=\/wp\/v2\/posts\/11736","targetHints":{"allow":["GET"]}}],"collection":[{"href":"http:\/\/www.vk-korana.hr\/index.php?rest_route=\/wp\/v2\/posts"}],"about":[{"href":"http:\/\/www.vk-korana.hr\/index.php?rest_route=\/wp\/v2\/types\/post"}],"author":[{"embeddable":true,"href":"http:\/\/www.vk-korana.hr\/index.php?rest_route=\/wp\/v2\/users\/1"}],"replies":[{"embeddable":true,"href":"http:\/\/www.vk-korana.hr\/index.php?rest_route=%2Fwp%2Fv2%2Fcomments&post=11736"}],"version-history":[{"count":2,"href":"http:\/\/www.vk-korana.hr\/index.php?rest_route=\/wp\/v2\/posts\/11736\/revisions"}],"predecessor-version":[{"id":11741,"href":"http:\/\/www.vk-korana.hr\/index.php?rest_route=\/wp\/v2\/posts\/11736\/revisions\/11741"}],"wp:featuredmedia":[{"embeddable":true,"href":"http:\/\/www.vk-korana.hr\/index.php?rest_route=\/wp\/v2\/media\/11739"}],"wp:attachment":[{"href":"http:\/\/www.vk-korana.hr\/index.php?rest_route=%2Fwp%2Fv2%2Fmedia&parent=11736"}],"wp:term":[{"taxonomy":"category","embeddable":true,"href":"http:\/\/www.vk-korana.hr\/index.php?rest_route=%2Fwp%2Fv2%2Fcategories&post=11736"},{"taxonomy":"post_tag","embeddable":true,"href":"http:\/\/www.vk-korana.hr\/index.php?rest_route=%2Fwp%2Fv2%2Ftags&post=11736"}],"curies":[{"name":"wp","href":"https:\/\/api.w.org\/{rel}","templated":true}]}}