{"id":11777,"date":"2024-04-24T07:48:05","date_gmt":"2024-04-24T05:48:05","guid":{"rendered":"https:\/\/www.vk-korana.hr\/?p=11777"},"modified":"2024-04-24T07:49:37","modified_gmt":"2024-04-24T05:49:37","slug":"ema-hodak-sime-ravnjak-s-trenerom-zlatkom-katusinom-nastupit-ce-na-medunarodnoj-regati-u-munchenu","status":"publish","type":"post","link":"http:\/\/www.vk-korana.hr\/?p=11777","title":{"rendered":"Ema Hodak, \u0160ime Ravnjak s trenerom Zlatkom Katu\u0161inom nastupit \u0107e na me\u0111unarodnoj regati u M\u00fcnchenu"},"content":{"rendered":"\n<p>U kancelariju Vesla\u010dkog kluba Korana iz Hrvatskog vesla\u010dkog saveza stigla je 23. travnja 2024. slu\u017ebena obavijest, lijepo priznanje za na\u0161 klub s Dubovca.<\/p>\n\n\n<div class=\"wp-block-image\">\n<figure class=\"alignleft size-large is-resized\"><a href=\"https:\/\/www.vk-korana.hr\/wordpress\/wp-content\/uploads\/2024\/04\/HVS-selekcije-scaled.jpg\"><img loading=\"lazy\" decoding=\"async\" width=\"528\" height=\"1024\" src=\"https:\/\/www.vk-korana.hr\/wordpress\/wp-content\/uploads\/2024\/04\/HVS-selekcije-528x1024.jpg\" alt=\"\" class=\"wp-image-11778\" style=\"width:203px;height:auto\" srcset=\"http:\/\/www.vk-korana.hr\/wordpress\/wp-content\/uploads\/2024\/04\/HVS-selekcije-528x1024.jpg 528w, http:\/\/www.vk-korana.hr\/wordpress\/wp-content\/uploads\/2024\/04\/HVS-selekcije-155x300.jpg 155w, http:\/\/www.vk-korana.hr\/wordpress\/wp-content\/uploads\/2024\/04\/HVS-selekcije-768x1490.jpg 768w, http:\/\/www.vk-korana.hr\/wordpress\/wp-content\/uploads\/2024\/04\/HVS-selekcije-792x1536.jpg 792w, http:\/\/www.vk-korana.hr\/wordpress\/wp-content\/uploads\/2024\/04\/HVS-selekcije-1056x2048.jpg 1056w, http:\/\/www.vk-korana.hr\/wordpress\/wp-content\/uploads\/2024\/04\/HVS-selekcije-scaled.jpg 1319w\" sizes=\"auto, (max-width: 528px) 100vw, 528px\" \/><\/a><\/figure>\n<\/div>\n\n\n<p>Odlukom izbornika U-17 reprezentacije Hrvatskog vesla\u010dkog saveza <strong>Davora Radovi\u0107a<\/strong>, me\u0111u deset vesla\u010da\/ca izborne vrste koji \u0107e nastupiti na me\u0111unarodnoj vesla\u010dkoj regati u M\u00fcnchen (Njema\u010dka), od 3. do 5. svibnja, jesu \u010dlanovi karlova\u010dke Korane vesla\u010dica <strong>Ema Hodak<\/strong> i vesla\u010d <strong>\u0160ime Ravnjak <\/strong>s trenerom <strong>Zlatkom Katu\u0161inom<\/strong>.<\/p>\n\n\n\n<p>Pored Hodak i Ravnjak pozvani su jo\u0161 Franka Boc i Gabrijel Maduni\u0107 (Zagreb), Dora Jur\u010dinov (Jadran, Zadar) i Luka Sabelja (Croatia, Zagreb). Uz izbornika Radovi\u0107a i trenera Katu\u0161ina na ovo me\u0111unarodno vesla\u010dko natjecanje idu i treneri Ante Dragovi\u0107 (Croatia) i Josip Mili\u0107 (Zagreb).<\/p>\n","protected":false},"excerpt":{"rendered":"<p>U kancelariju Vesla\u010dkog kluba Korana iz Hrvatskog vesla\u010dkog saveza stigla je 23. travnja 2024. slu\u017ebena obavijest, lijepo priznanje za na\u0161 klub s Dubovca. Odlukom izbornika U-17 reprezentacije Hrvatskog vesla\u010dkog saveza Davora Radovi\u0107a, me\u0111u deset vesla\u010da\/ca izborne vrste koji \u0107e nastupiti na me\u0111unarodnoj vesla\u010dkoj regati u M\u00fcnchen (Njema\u010dka), od 3. do 5. svibnja, jesu \u010dlanovi karlova\u010dke&hellip;<\/p>\n","protected":false},"author":1,"featured_media":11779,"comment_status":"closed","ping_status":"open","sticky":false,"template":"","format":"standard","meta":{"ngg_post_thumbnail":0,"footnotes":""},"categories":[1],"tags":[],"class_list":["post-11777","post","type-post","status-publish","format-standard","has-post-thumbnail","hentry","category-uncategorized","category-1","description-off"],"_links":{"self":[{"href":"http:\/\/www.vk-korana.hr\/index.php?rest_route=\/wp\/v2\/posts\/11777","targetHints":{"allow":["GET"]}}],"collection":[{"href":"http:\/\/www.vk-korana.hr\/index.php?rest_route=\/wp\/v2\/posts"}],"about":[{"href":"http:\/\/www.vk-korana.hr\/index.php?rest_route=\/wp\/v2\/types\/post"}],"author":[{"embeddable":true,"href":"http:\/\/www.vk-korana.hr\/index.php?rest_route=\/wp\/v2\/users\/1"}],"replies":[{"embeddable":true,"href":"http:\/\/www.vk-korana.hr\/index.php?rest_route=%2Fwp%2Fv2%2Fcomments&post=11777"}],"version-history":[{"count":2,"href":"http:\/\/www.vk-korana.hr\/index.php?rest_route=\/wp\/v2\/posts\/11777\/revisions"}],"predecessor-version":[{"id":11781,"href":"http:\/\/www.vk-korana.hr\/index.php?rest_route=\/wp\/v2\/posts\/11777\/revisions\/11781"}],"wp:featuredmedia":[{"embeddable":true,"href":"http:\/\/www.vk-korana.hr\/index.php?rest_route=\/wp\/v2\/media\/11779"}],"wp:attachment":[{"href":"http:\/\/www.vk-korana.hr\/index.php?rest_route=%2Fwp%2Fv2%2Fmedia&parent=11777"}],"wp:term":[{"taxonomy":"category","embeddable":true,"href":"http:\/\/www.vk-korana.hr\/index.php?rest_route=%2Fwp%2Fv2%2Fcategories&post=11777"},{"taxonomy":"post_tag","embeddable":true,"href":"http:\/\/www.vk-korana.hr\/index.php?rest_route=%2Fwp%2Fv2%2Ftags&post=11777"}],"curies":[{"name":"wp","href":"https:\/\/api.w.org\/{rel}","templated":true}]}}