{"id":11837,"date":"2024-06-11T20:20:35","date_gmt":"2024-06-11T18:20:35","guid":{"rendered":"https:\/\/www.vk-korana.hr\/?p=11837"},"modified":"2024-06-11T20:20:37","modified_gmt":"2024-06-11T18:20:37","slug":"bledska-regata-hodak-ravnjak-i-jaksic-te-trener-katusin-po-odluci-izbornika-nastupit-ce-na-bledu-u-sastavu-veslacke-reprezentacije-hvs-a","status":"publish","type":"post","link":"http:\/\/www.vk-korana.hr\/?p=11837","title":{"rendered":"BLEDSKA REGATA: Hodak, Ravnjak i Jak\u0161i\u0107 te trener Katu\u0161in po odluci izbornika nastupit \u0107e na Bledu u sastavu vesla\u010dke reprezentacije HVS-a"},"content":{"rendered":"\n<p>Odlukom izbornika Hrvatske vesla\u010dke reprezentacije Darka Mik\u0161i\u0107a na 68. me\u0111unarodnu vesla\u010dku regatu na Bledu u sastavu HVS-a nastupat \u0107e vesla\u010dica Ema Hodak u disciplinama skif za juniorke B (1XJ\u017dB) i u \u010detvercu za juniorke B (4XJ\u017dB), dok \u0107e \u0160ime Ravnjak nastupiti u dvojcu na pari\u0107e za juniore B (2XJMB) i \u010detvercu na pari\u0107e za juniore B (4XJMB). Josip Jak\u0161i\u0107 nastupit \u0107e u skifu za juniore A (1XJMA).<\/p>\n\n\n\n<ul class=\"wp-block-list\">\n<li>Na bledskoj regati nastupit \u0107e vesla\u010di s Jumbo regate s kojima se planira nastup na Balkanijadi u Turskoj. S obzirom na postignute rezultate na m\u00fcnchenskoj regati o\u010dekujem da juniori B osvoje neku od medalja, pritom mislim na Emu i \u0160imu. Luka Hajdin je tako\u0111er dobio poziv izbornika ali zbog bolesti ne\u0107e otputovati \u2013 ka\u017ee trener Zlatko Katu\u0161in koji po odluci HVS-a na Bled odlazi kao njihov trener.<\/li>\n<\/ul>\n\n\n\n<p>Hodak \u0107e u \u010detvercu veslati s Dunjom Vizneg (Iktus), Dorom Tur\u010dinov (Jadran, Zadar) i Frankom Boc (Zagreb), a Ravnjak u \u010detvercu s Gabrijelom Maduni\u0107em (Zagreb), Lukom Sabelja i Markom Sredi\u0107em (oba Croatia).<\/p>\n\n\n\n<p>Od klupskih posada na Bled o klupskom tro\u0161ku, jo\u0161 i Leon Opa\u010di\u0107 u disciplini skif za juniore B (1XJMB) i Mauro Bauer u skifu za lake seniore (1X LSM).<\/p>\n","protected":false},"excerpt":{"rendered":"<p>Odlukom izbornika Hrvatske vesla\u010dke reprezentacije Darka Mik\u0161i\u0107a na 68. me\u0111unarodnu vesla\u010dku regatu na Bledu u sastavu HVS-a nastupat \u0107e vesla\u010dica Ema Hodak u disciplinama skif za juniorke B (1XJ\u017dB) i u \u010detvercu za juniorke B (4XJ\u017dB), dok \u0107e \u0160ime Ravnjak nastupiti u dvojcu na pari\u0107e za juniore B (2XJMB) i \u010detvercu na pari\u0107e za juniore&hellip;<\/p>\n","protected":false},"author":9,"featured_media":11838,"comment_status":"closed","ping_status":"open","sticky":false,"template":"","format":"standard","meta":{"ngg_post_thumbnail":0,"footnotes":""},"categories":[8],"tags":[],"class_list":["post-11837","post","type-post","status-publish","format-standard","has-post-thumbnail","hentry","category-vijesti","category-8","description-off"],"_links":{"self":[{"href":"http:\/\/www.vk-korana.hr\/index.php?rest_route=\/wp\/v2\/posts\/11837","targetHints":{"allow":["GET"]}}],"collection":[{"href":"http:\/\/www.vk-korana.hr\/index.php?rest_route=\/wp\/v2\/posts"}],"about":[{"href":"http:\/\/www.vk-korana.hr\/index.php?rest_route=\/wp\/v2\/types\/post"}],"author":[{"embeddable":true,"href":"http:\/\/www.vk-korana.hr\/index.php?rest_route=\/wp\/v2\/users\/9"}],"replies":[{"embeddable":true,"href":"http:\/\/www.vk-korana.hr\/index.php?rest_route=%2Fwp%2Fv2%2Fcomments&post=11837"}],"version-history":[{"count":1,"href":"http:\/\/www.vk-korana.hr\/index.php?rest_route=\/wp\/v2\/posts\/11837\/revisions"}],"predecessor-version":[{"id":11839,"href":"http:\/\/www.vk-korana.hr\/index.php?rest_route=\/wp\/v2\/posts\/11837\/revisions\/11839"}],"wp:featuredmedia":[{"embeddable":true,"href":"http:\/\/www.vk-korana.hr\/index.php?rest_route=\/wp\/v2\/media\/11838"}],"wp:attachment":[{"href":"http:\/\/www.vk-korana.hr\/index.php?rest_route=%2Fwp%2Fv2%2Fmedia&parent=11837"}],"wp:term":[{"taxonomy":"category","embeddable":true,"href":"http:\/\/www.vk-korana.hr\/index.php?rest_route=%2Fwp%2Fv2%2Fcategories&post=11837"},{"taxonomy":"post_tag","embeddable":true,"href":"http:\/\/www.vk-korana.hr\/index.php?rest_route=%2Fwp%2Fv2%2Ftags&post=11837"}],"curies":[{"name":"wp","href":"https:\/\/api.w.org\/{rel}","templated":true}]}}