{"id":11840,"date":"2024-06-16T18:27:49","date_gmt":"2024-06-16T16:27:49","guid":{"rendered":"https:\/\/www.vk-korana.hr\/?p=11840"},"modified":"2024-06-16T21:00:01","modified_gmt":"2024-06-16T19:00:01","slug":"povijesni-uspjeh-naseg-kluba-na-bledskoj-regati-osvojili-smo-3-zlatne-dvijesrebrne-i-jednu-broncanu-medalju","status":"publish","type":"post","link":"http:\/\/www.vk-korana.hr\/?p=11840","title":{"rendered":"Povijesni uspjeh na\u0161eg kluba na Bledskoj regati &#8211; osvojili smo 3 zlatne, dvije srebrne i jednu bron\u010danu medalju"},"content":{"rendered":"\n<p>Ovog vikenda, od 14. do 16. lipnja, na bledskom jezeru odr\u017eana je me\u0111unarodna<br>vesla\u010dka regata na kojoj su nastupili vesla\u010di iz 16 zemalja, me\u0111u njima vesla\u010di<br>karlova\u010dke Korane.<\/p>\n\n\n\n<p>68. Bledska regata (godinu dana starija od Karlova\u010dke) na bledskom jezeru u<br>Sloveniji nije razo\u010darala Vesla\u010dki klub Korana koji je nastupio u dresu reprezentacije<br>HVS-a i s klupskim posadama. Naime, odlukom izbornika Hrvatske vesla\u010dke<br>reprezentacije<strong> Darka Mik\u0161i\u0107a<\/strong> na 68. me\u0111unarodnoj vesla\u010dkoj regati na Bledu u<br>sastavu HVS-a nastupili su Ema Hodak u disciplinama skif za juniorke B i u \u010detvercu<br>za juniorke B, dok je \u0160ime Ravnjak nastupio u dvojcu na pari\u0107e za juniore B i<br>\u010detvercu na pari\u0107e za juniore B. Josip Jak\u0161i\u0107 nastupio je u skifu za juniore A. O<br>klupskom tro\u0161ku na Bledu su nastupili jo\u0161 i Leon Opa\u010di\u0107 u disciplini skif za juniore B i<br>Mauro Bauer u skifu za lake seniore.<\/p>\n\n\n\n<ul class=\"wp-block-list\">\n<li>To je jedna od najljep\u0161ih regata uop\u0107e na kojoj su na\u0161i vesla\u010di veslali. Nastupili su<br>vesla\u010di s Jumbo regate s kojima se planira nastup na Balkanijadi u Turskoj. Na\u0161 je<br>klub nastupio s osam posada i osvojili smo ukupno \u0161est medalja u klupskim i<br>reprezentativnim posadama. Ovo je povijesni uspjeh na\u0161eg kluba na toj regati. Lani<br>smo osvojili sedam medalja, a ove jednu manje, ali ne\u0161to ve\u0107eg sjaja, i to bez Luke<br>Hajdina koji je bolestan pa nije i\u0161ao s nama i Jana Latkovi\u0107a. Pored standardnih<br>Eme, Josipa, \u0160ime i Maura veliko iznena\u0111enje na ovoj regati bio je Leo Opa\u010di\u0107 koji je<br>prvi put nastupio kao junior B i ve\u0107 osvojio srebrnu medalju. Ovaj rezultat je<br>pokazatelj \u0161to mo\u017eemo o\u010dekivati od na\u0161ih vesla\u010da u budu\u0107nosti i u starijim<br>kategorijama. Pribli\u017eava se prvenstvo Hrvatske a na\u0161e posade su sve br\u017ee i to je ono<br>\u0161to me veseli. Sada ve\u0107 i prije dr\u017eavnog prvenstva ovu godinu mo\u017eemo ocijeniti kao<br>vrlo uspje\u0161nu. Definitivno smo na dobrom putu \u2013<strong> ka\u017ee Zlatko Katu\u0161in, trener<br>vesla\u010da Korane<\/strong>.<br><\/li>\n\n\n\n<li><strong>Rezultati subota<\/strong>:<br>U skifu za juniorke B <strong>Ema Hodak<\/strong> bila je druga finalu A. <strong>\u0160ime Ravnjak<\/strong>, <strong>Gabriel<\/strong><br><strong>Maduni\u0107 <\/strong>(Zagreb) pobjednici su utrke dvojca na pari\u0107e za juniore B nastupiv\u0161i u A<br>finalu. <strong>Mauro Bauer<\/strong> je bio drugi u skifu za lake seniore u finalu C. <strong>Leon Opa\u010di\u0107<\/strong> je u<br>skifu za juniore B bio prvi u finalu C, kao i<strong> Josip Jak\u0161i\u0107<\/strong> nastupiv\u0161i u skifu za juniore A.<br><\/li>\n\n\n\n<li><strong>Rezultati nedjelja<\/strong>:<br>Prvo mjesto u finalu A osvojio je \u010detverac za juniorke B s <strong>Dunjom Vizneg<\/strong> (Iktus,<br>Osijek), <strong>Dorom Tur\u010dinov<\/strong> (Jadran, Zadar), <strong>Frankom Boc<\/strong> (Zagreb) i <strong>Emom Hodak<\/strong><br>(Korana). \u010cetverac za juniore B u kojem je veslao<strong> \u0160ime Ravnjak <\/strong>s <strong>Gabrijelom<br>Meduni\u0107em<\/strong> (Zagreb),<strong> Lukom Sabeljom<\/strong> i <strong>Markom Sredi\u0107em<\/strong> (oba Croatia) osvojio je<br>prvo mjesto u A finalu. \u010cetverac za juniore A s posadom u kojoj su bili Karlov\u010dani<br><strong>Josip Jak\u0161i\u0107 <\/strong>(Korana) i <strong>Tin Jarnjevi\u0107<\/strong> (Karlovac) te <strong>Marko Martinovi\u0107<\/strong> (Krka,<br>\u0160ibenik) i <strong>Teo Dra\u0161kovi\u0107 <\/strong>(Mornar, Split) zauzeo je tre\u0107e mjesto u finalu A, dok je<br>tre\u0107e mjesto u finalu B zauzeo<strong> Mauro Bauer<\/strong> u skifu za lake seniore.<strong> Leon Opa\u010di\u0107<\/strong> je<br>u skifu za juniore B zauzeo drugo mjesto u A finalu.<br><\/li>\n\n\n\n<li>Svi rezultati:<a href=\" http:\/\/www.bledrowing.com\/\"> http:\/\/www.bledrowing.com\/<\/a><\/li>\n<\/ul>\n","protected":false},"excerpt":{"rendered":"<p>Ovog vikenda, od 14. do 16. lipnja, na bledskom jezeru odr\u017eana je me\u0111unarodnavesla\u010dka regata na kojoj su nastupili vesla\u010di iz 16 zemalja, me\u0111u njima vesla\u010dikarlova\u010dke Korane. 68. Bledska regata (godinu dana starija od Karlova\u010dke) na bledskom jezeru uSloveniji nije razo\u010darala Vesla\u010dki klub Korana koji je nastupio u dresu reprezentacijeHVS-a i s klupskim posadama. Naime, odlukom&hellip;<\/p>\n","protected":false},"author":9,"featured_media":11841,"comment_status":"closed","ping_status":"open","sticky":false,"template":"","format":"standard","meta":{"ngg_post_thumbnail":0,"footnotes":""},"categories":[8],"tags":[],"class_list":["post-11840","post","type-post","status-publish","format-standard","has-post-thumbnail","hentry","category-vijesti","category-8","description-off"],"_links":{"self":[{"href":"http:\/\/www.vk-korana.hr\/index.php?rest_route=\/wp\/v2\/posts\/11840","targetHints":{"allow":["GET"]}}],"collection":[{"href":"http:\/\/www.vk-korana.hr\/index.php?rest_route=\/wp\/v2\/posts"}],"about":[{"href":"http:\/\/www.vk-korana.hr\/index.php?rest_route=\/wp\/v2\/types\/post"}],"author":[{"embeddable":true,"href":"http:\/\/www.vk-korana.hr\/index.php?rest_route=\/wp\/v2\/users\/9"}],"replies":[{"embeddable":true,"href":"http:\/\/www.vk-korana.hr\/index.php?rest_route=%2Fwp%2Fv2%2Fcomments&post=11840"}],"version-history":[{"count":5,"href":"http:\/\/www.vk-korana.hr\/index.php?rest_route=\/wp\/v2\/posts\/11840\/revisions"}],"predecessor-version":[{"id":11847,"href":"http:\/\/www.vk-korana.hr\/index.php?rest_route=\/wp\/v2\/posts\/11840\/revisions\/11847"}],"wp:featuredmedia":[{"embeddable":true,"href":"http:\/\/www.vk-korana.hr\/index.php?rest_route=\/wp\/v2\/media\/11841"}],"wp:attachment":[{"href":"http:\/\/www.vk-korana.hr\/index.php?rest_route=%2Fwp%2Fv2%2Fmedia&parent=11840"}],"wp:term":[{"taxonomy":"category","embeddable":true,"href":"http:\/\/www.vk-korana.hr\/index.php?rest_route=%2Fwp%2Fv2%2Fcategories&post=11840"},{"taxonomy":"post_tag","embeddable":true,"href":"http:\/\/www.vk-korana.hr\/index.php?rest_route=%2Fwp%2Fv2%2Ftags&post=11840"}],"curies":[{"name":"wp","href":"https:\/\/api.w.org\/{rel}","templated":true}]}}