{"id":11857,"date":"2024-07-07T16:46:57","date_gmt":"2024-07-07T14:46:57","guid":{"rendered":"https:\/\/www.vk-korana.hr\/?p=11857"},"modified":"2024-07-08T09:33:06","modified_gmt":"2024-07-08T07:33:06","slug":"veslacki-klub-korana-dva-srebra-i-bronca-za-koranu-s-ovogodisnjeg-prvenstva","status":"publish","type":"post","link":"http:\/\/www.vk-korana.hr\/?p=11857","title":{"rendered":"VESLA\u010cKI KLUB KORANA: Dva srebra i bronca za Koranu s ovogodi\u0161njeg prvenstva"},"content":{"rendered":"\n<p>Vesla\u010dki klub Korana na ovogodi\u0161nje dr\u017eavno prvenstvo za mla\u0111e kategorije vodio je 11 vesla\u010da\/ica koji su u klub ponijeli tri medalje &#8211; dva srebra i broncu. Nastupili su u \u010detiri A finala, dva B finala i u eliminacijama.<\/p>\n\n\n<div class=\"wp-block-image\">\n<figure class=\"alignright size-large is-resized\"><a href=\"http:\/\/www.vk-korana.hr\/wordpress\/wp-content\/uploads\/2024\/07\/tin-jarnjevic-prvak.jpg\"><img loading=\"lazy\" decoding=\"async\" width=\"1024\" height=\"541\" src=\"http:\/\/www.vk-korana.hr\/wordpress\/wp-content\/uploads\/2024\/07\/tin-jarnjevic-prvak-1024x541.jpg\" alt=\"\" class=\"wp-image-11863\" style=\"width:458px;height:auto\" srcset=\"http:\/\/www.vk-korana.hr\/wordpress\/wp-content\/uploads\/2024\/07\/tin-jarnjevic-prvak-1024x541.jpg 1024w, http:\/\/www.vk-korana.hr\/wordpress\/wp-content\/uploads\/2024\/07\/tin-jarnjevic-prvak-300x159.jpg 300w, http:\/\/www.vk-korana.hr\/wordpress\/wp-content\/uploads\/2024\/07\/tin-jarnjevic-prvak-768x406.jpg 768w, http:\/\/www.vk-korana.hr\/wordpress\/wp-content\/uploads\/2024\/07\/tin-jarnjevic-prvak.jpg 1400w\" sizes=\"auto, (max-width: 1024px) 100vw, 1024px\" \/><\/a><\/figure>\n<\/div>\n\n\n<p>U ukupnom poretku klubova VK Korana zauzela je 14. mjesto.<\/p>\n\n\n\n<p>Srebrnu medalju za drugo mjesto u A finalu osvojila je <strong>Ema Hodak<\/strong> u skifu za juniorke B i dvojac za juniore B s posadom <strong>Leon Opa\u010di\u0107<\/strong> i <strong>\u0160ime Ravnjak<\/strong> koji je bio drugi u A finalu, dok je bron\u010danu medalju za tre\u0107e mjesto u A finalu osvojio <strong>Josip Jak\u0161i\u0107<\/strong> u skifu za juniore A.<\/p>\n\n\n<div class=\"wp-block-image\">\n<figure class=\"alignleft size-large is-resized\"><a href=\"http:\/\/www.vk-korana.hr\/wordpress\/wp-content\/uploads\/2024\/07\/hodak-ema-druga.jpg\"><img loading=\"lazy\" decoding=\"async\" width=\"1024\" height=\"895\" src=\"https:\/\/www.vk-korana.hr\/wordpress\/wp-content\/uploads\/2024\/07\/hodak-ema-druga-1024x895.jpg\" alt=\"\" class=\"wp-image-11859\" style=\"width:452px;height:auto\" srcset=\"http:\/\/www.vk-korana.hr\/wordpress\/wp-content\/uploads\/2024\/07\/hodak-ema-druga-1024x895.jpg 1024w, http:\/\/www.vk-korana.hr\/wordpress\/wp-content\/uploads\/2024\/07\/hodak-ema-druga-300x262.jpg 300w, http:\/\/www.vk-korana.hr\/wordpress\/wp-content\/uploads\/2024\/07\/hodak-ema-druga-768x671.jpg 768w, http:\/\/www.vk-korana.hr\/wordpress\/wp-content\/uploads\/2024\/07\/hodak-ema-druga.jpg 1196w\" sizes=\"auto, (max-width: 1024px) 100vw, 1024px\" \/><\/a><\/figure>\n<\/div>\n\n\n<p>\u010cetvrto mjesto u A finalu zauzeli su <strong>Maks Findrik<\/strong> i <strong>Jan \u010crne<\/strong> u dvojcu na pari\u0107e za kadete A.<\/p>\n\n\n\n<p>U dva B finala nastupili su: <strong>Matija Car<\/strong> &#8211; prvi u skifu za lake juniore i <strong>Jan Latkovi\u0107<\/strong> &#8211; tre\u0107i u skifu za juniore A. Utrku u eliminacijama, na 4. mjestu, zavr\u0161ili su <strong>Vito Brozovi\u0107 <\/strong>i <strong>David Mika\u0161inovi\u0107<\/strong> u dvojcu na pari\u0107e za juniore B, a <strong>Ema Vukovi\u0107 <\/strong>je u skifu za juniorke B bila peta u eliminacijama.<\/p>\n\n\n\n<p>1x LJMA (Matija Car) 1. mjesto finale B<br>1x JMA (Jan Latkovi\u0107) 3. mjesto finale B<br>1x JMA (Josip Jak\u0161i\u0107) 3. mjesto finale A<br>1x J\u017dB (Ema Hodak) 2. mjesto finale A<br>1x J\u017dB (Ema Vukovi\u0107) 5. mjesto u eliminacijama<br>2x JMB (Leon Opa\u010di\u0107, \u0160ime Ravnjak) 2. mjesto finale A<br>2x JMB (Vito Brozovi\u0107, David Mika\u0161inovi\u0107) 4. mjesto u eliminacijama<br>2x KMA (Maks Findrik, Jan \u010crne) 4. mjesto finale A<\/p>\n","protected":false},"excerpt":{"rendered":"<p>Vesla\u010dki klub Korana na ovogodi\u0161nje dr\u017eavno prvenstvo za mla\u0111e kategorije vodio je 11 vesla\u010da\/ica koji su u klub ponijeli tri medalje &#8211; dva srebra i broncu. Nastupili su u \u010detiri A finala, dva B finala i u eliminacijama. U ukupnom poretku klubova VK Korana zauzela je 14. mjesto. Srebrnu medalju za drugo mjesto u A&hellip;<\/p>\n","protected":false},"author":9,"featured_media":11858,"comment_status":"closed","ping_status":"open","sticky":false,"template":"","format":"standard","meta":{"ngg_post_thumbnail":0,"footnotes":""},"categories":[8],"tags":[],"class_list":["post-11857","post","type-post","status-publish","format-standard","has-post-thumbnail","hentry","category-vijesti","category-8","description-off"],"_links":{"self":[{"href":"http:\/\/www.vk-korana.hr\/index.php?rest_route=\/wp\/v2\/posts\/11857","targetHints":{"allow":["GET"]}}],"collection":[{"href":"http:\/\/www.vk-korana.hr\/index.php?rest_route=\/wp\/v2\/posts"}],"about":[{"href":"http:\/\/www.vk-korana.hr\/index.php?rest_route=\/wp\/v2\/types\/post"}],"author":[{"embeddable":true,"href":"http:\/\/www.vk-korana.hr\/index.php?rest_route=\/wp\/v2\/users\/9"}],"replies":[{"embeddable":true,"href":"http:\/\/www.vk-korana.hr\/index.php?rest_route=%2Fwp%2Fv2%2Fcomments&post=11857"}],"version-history":[{"count":3,"href":"http:\/\/www.vk-korana.hr\/index.php?rest_route=\/wp\/v2\/posts\/11857\/revisions"}],"predecessor-version":[{"id":11865,"href":"http:\/\/www.vk-korana.hr\/index.php?rest_route=\/wp\/v2\/posts\/11857\/revisions\/11865"}],"wp:featuredmedia":[{"embeddable":true,"href":"http:\/\/www.vk-korana.hr\/index.php?rest_route=\/wp\/v2\/media\/11858"}],"wp:attachment":[{"href":"http:\/\/www.vk-korana.hr\/index.php?rest_route=%2Fwp%2Fv2%2Fmedia&parent=11857"}],"wp:term":[{"taxonomy":"category","embeddable":true,"href":"http:\/\/www.vk-korana.hr\/index.php?rest_route=%2Fwp%2Fv2%2Fcategories&post=11857"},{"taxonomy":"post_tag","embeddable":true,"href":"http:\/\/www.vk-korana.hr\/index.php?rest_route=%2Fwp%2Fv2%2Ftags&post=11857"}],"curies":[{"name":"wp","href":"https:\/\/api.w.org\/{rel}","templated":true}]}}