{"id":11866,"date":"2024-07-11T11:23:10","date_gmt":"2024-07-11T09:23:10","guid":{"rendered":"https:\/\/www.vk-korana.hr\/?p=11866"},"modified":"2024-07-11T11:30:13","modified_gmt":"2024-07-11T09:30:13","slug":"pozivamo-sve-clanove-kluba-i-prijatelje-veslanja-da-u-subotu-prije-podne-dodu-na-nasu-tradicionalnu-veslacku-regatu-na-kupi","status":"publish","type":"post","link":"http:\/\/www.vk-korana.hr\/?p=11866","title":{"rendered":"Pozivamo sve \u010dlanove kluba i prijatelje veslanja da u subotu prije podne do\u0111u na na\u0161u tradicionalnu vesla\u010dku regatu na Kupi"},"content":{"rendered":"\n<p><strong>71.<\/strong> <strong>Karlova\u010dka regata i 33. Memorijalna utrka &#8216;Bruno Cetinjanin&#8217; odr\u017eati \u0107e se u subotu, 13. srpnja 2024. s po\u010detkom u 10 sati na rijeci Kupi kod Vesla\u010dkog doma na Dubovcu, \u017dorovica 3.<\/strong><\/p>\n\n\n\n<p><br>U programu regate bit \u0107e odr\u017eano 20-ak utrka, a na kraju natjecanja \u0107emo kod Vesla\u010dkog doma podijeliti medalje i pehare svima koji su to zaslu\u017eili kroz utrke.<\/p>\n\n\n\n<ol class=\"wp-block-list\" start=\"71\">\n<li>Karlova\u010dka regata odr\u017eava se povodom obilje\u017eavanja 445. ro\u0111endana Karlovca, a u sklopu gradskog programa Zvjezdano ljeto. Izrasla je u respektabilan sportski doga\u0111aj koji je uvr\u0161ten u jednu od karlova\u010dkih sportskih prepoznatljivost, a s obzirom na dugogodi\u0161nju tradiciju regata okuplja velik broj mladih i talentiranih vesla\u010dica i vesla\u010da iz vesla\u010dkih klubova Hrvatske.<\/li>\n<\/ol>\n","protected":false},"excerpt":{"rendered":"<p>71. Karlova\u010dka regata i 33. Memorijalna utrka &#8216;Bruno Cetinjanin&#8217; odr\u017eati \u0107e se u subotu, 13. srpnja 2024. s po\u010detkom u 10 sati na rijeci Kupi kod Vesla\u010dkog doma na Dubovcu, \u017dorovica 3. U programu regate bit \u0107e odr\u017eano 20-ak utrka, a na kraju natjecanja \u0107emo kod Vesla\u010dkog doma podijeliti medalje i pehare svima koji su&hellip;<\/p>\n","protected":false},"author":1,"featured_media":11867,"comment_status":"closed","ping_status":"open","sticky":false,"template":"","format":"standard","meta":{"ngg_post_thumbnail":0,"footnotes":""},"categories":[8],"tags":[],"class_list":["post-11866","post","type-post","status-publish","format-standard","has-post-thumbnail","hentry","category-vijesti","category-8","description-off"],"_links":{"self":[{"href":"http:\/\/www.vk-korana.hr\/index.php?rest_route=\/wp\/v2\/posts\/11866","targetHints":{"allow":["GET"]}}],"collection":[{"href":"http:\/\/www.vk-korana.hr\/index.php?rest_route=\/wp\/v2\/posts"}],"about":[{"href":"http:\/\/www.vk-korana.hr\/index.php?rest_route=\/wp\/v2\/types\/post"}],"author":[{"embeddable":true,"href":"http:\/\/www.vk-korana.hr\/index.php?rest_route=\/wp\/v2\/users\/1"}],"replies":[{"embeddable":true,"href":"http:\/\/www.vk-korana.hr\/index.php?rest_route=%2Fwp%2Fv2%2Fcomments&post=11866"}],"version-history":[{"count":3,"href":"http:\/\/www.vk-korana.hr\/index.php?rest_route=\/wp\/v2\/posts\/11866\/revisions"}],"predecessor-version":[{"id":11871,"href":"http:\/\/www.vk-korana.hr\/index.php?rest_route=\/wp\/v2\/posts\/11866\/revisions\/11871"}],"wp:featuredmedia":[{"embeddable":true,"href":"http:\/\/www.vk-korana.hr\/index.php?rest_route=\/wp\/v2\/media\/11867"}],"wp:attachment":[{"href":"http:\/\/www.vk-korana.hr\/index.php?rest_route=%2Fwp%2Fv2%2Fmedia&parent=11866"}],"wp:term":[{"taxonomy":"category","embeddable":true,"href":"http:\/\/www.vk-korana.hr\/index.php?rest_route=%2Fwp%2Fv2%2Fcategories&post=11866"},{"taxonomy":"post_tag","embeddable":true,"href":"http:\/\/www.vk-korana.hr\/index.php?rest_route=%2Fwp%2Fv2%2Ftags&post=11866"}],"curies":[{"name":"wp","href":"https:\/\/api.w.org\/{rel}","templated":true}]}}