{"id":12141,"date":"2025-03-15T17:45:50","date_gmt":"2025-03-15T15:45:50","guid":{"rendered":"https:\/\/www.vk-korana.hr\/?p=12141"},"modified":"2025-03-15T17:45:52","modified_gmt":"2025-03-15T15:45:52","slug":"daljinska-regata-u-zagrebu","status":"publish","type":"post","link":"http:\/\/www.vk-korana.hr\/?p=12141","title":{"rendered":"DALJINSKA REGATA U ZAGREBU"},"content":{"rendered":"\n<p>Zagreb, 15. o\u017eujka 2025. \u2013 Na regatnoj stazi Jarun odr\u017eana je tradicionalna daljinska regata koja je okupila vesla\u010dice i vesla\u010de svih uzrasta \u2013 od juniora do veterana. Ova regata, koja se ve\u0107 dugi niz godina odr\u017eava po\u010detkom o\u017eujka, predstavlja jedno od klju\u010dnih kontrolnih natjecanja na kojem vesla\u010dice i vesla\u010di provjeravaju napredak u zimskim pripremama i izbornicima daje mogu\u0107nost uvida u stanje pripremljenosti vesla\u010da i njihove me\u0111uodnose u pogledu brzine \u010damaca.<\/p>\n\n\n\n<p>Regata je trajala \u010detiri kilometra za veterane, dok su svi ostali natjecatelji veslali na stazi du\u017eine osam kilometara. Organizatori, Vesla\u010dki savez Zagreba i Hrvatski vesla\u010dki savez, pru\u017eili su odli\u010dne uvjete za sporta\u0161e i gledatelje, \u010dime su dodatno podigli razinu ovog presti\u017enog natjecanja.<\/p>\n\n\n\n<p>Na dana\u0161njoj daljinskoj regati na Jarunu, <strong>vesla\u010di iz Vesla\u010dkog kluba Korana<\/strong> pod vodstvom <strong>trenera Zlatka Katu\u0161ina<\/strong> pokazali su izuzetnu formu i ostvarili rezultate kako slijedi:<\/p>\n\n\n\n<p>U utrci skifova za seniore B, <strong>Luka Hajdin<\/strong> je osvojio 5. mjesto. U utrci skifove za juniore A nastupili su <strong>\u0160ime Ravnjak, Matija Car i Josip Jak\u0161i\u0107<\/strong>. <strong>\u0160ime Ravnjak<\/strong> je osvojio 1. mjesto, <strong>Josip Jak\u0161i\u0107<\/strong> 2. mjesto i <strong>Matija Car<\/strong> 18. mjesto. U utrci skifova za juniore B <strong>Leon Opa\u010di\u0107<\/strong> je osvojio 3. mjesto, dok su <strong>David Mika\u0161inovi\u0107 i Jan<\/strong> \u010crne u utrci dvojaca za juniore B osvojili su 4. mjesto.<\/p>\n\n\n\n<figure class=\"wp-block-gallery aligncenter has-nested-images columns-default is-cropped wp-block-gallery-1 is-layout-flex wp-block-gallery-is-layout-flex\">\n<figure class=\"wp-block-image size-large\"><img loading=\"lazy\" decoding=\"async\" width=\"1024\" height=\"683\" data-id=\"12148\" src=\"https:\/\/www.vk-korana.hr\/wordpress\/wp-content\/uploads\/2025\/03\/IMG-20250315-WA0049-1-1024x683.jpg\" alt=\"\" class=\"wp-image-12148\" srcset=\"http:\/\/www.vk-korana.hr\/wordpress\/wp-content\/uploads\/2025\/03\/IMG-20250315-WA0049-1-1024x683.jpg 1024w, http:\/\/www.vk-korana.hr\/wordpress\/wp-content\/uploads\/2025\/03\/IMG-20250315-WA0049-1-300x200.jpg 300w, http:\/\/www.vk-korana.hr\/wordpress\/wp-content\/uploads\/2025\/03\/IMG-20250315-WA0049-1-768x512.jpg 768w, http:\/\/www.vk-korana.hr\/wordpress\/wp-content\/uploads\/2025\/03\/IMG-20250315-WA0049-1-1536x1024.jpg 1536w, http:\/\/www.vk-korana.hr\/wordpress\/wp-content\/uploads\/2025\/03\/IMG-20250315-WA0049-1-2048x1365.jpg 2048w\" sizes=\"auto, (max-width: 1024px) 100vw, 1024px\" \/><\/figure>\n<\/figure>\n\n\n\n<div class=\"wp-block-group is-vertical is-layout-flex wp-container-core-group-is-layout-8cf370e7 wp-block-group-is-layout-flex\">\n<p><strong>1xSMB \u2013 Luka Hajdin \u2013 5. mjesto<\/strong><\/p>\n\n\n\n<p><strong>1xLSMB \u2013 Mauro Bauer \u2013 2. mjesto<\/strong><\/p>\n\n\n\n<p><strong>1xJMA \u2013 \u0160ime Ravnjak \u2013 1. mjesto<\/strong><\/p>\n\n\n\n<p><strong>1xJMA \u2013 Josip Jak\u0161i\u0107 \u2013 2. mjesto<\/strong><\/p>\n\n\n\n<p><strong>1xJMA \u2013 Matija Car \u2013 18. mjesto<\/strong><\/p>\n\n\n\n<p><strong>1xJMB \u2013 Leon Opa\u010di\u0107 \u2013 3. mjesto<\/strong><\/p>\n\n\n\n<p><strong>2xJMB \u2013 David Mika\u0161inovi\u0107, Jan \u010crne \u2013 4. mjesto<\/strong><\/p>\n<\/div>\n\n\n\n<figure class=\"wp-block-image size-large is-resized\"><img loading=\"lazy\" decoding=\"async\" width=\"683\" height=\"1024\" src=\"https:\/\/www.vk-korana.hr\/wordpress\/wp-content\/uploads\/2025\/03\/IMG-20250315-WA0007-3-683x1024.jpg\" alt=\"\" class=\"wp-image-12149\" style=\"width:293px;height:auto\" srcset=\"http:\/\/www.vk-korana.hr\/wordpress\/wp-content\/uploads\/2025\/03\/IMG-20250315-WA0007-3-683x1024.jpg 683w, http:\/\/www.vk-korana.hr\/wordpress\/wp-content\/uploads\/2025\/03\/IMG-20250315-WA0007-3-200x300.jpg 200w, http:\/\/www.vk-korana.hr\/wordpress\/wp-content\/uploads\/2025\/03\/IMG-20250315-WA0007-3-768x1152.jpg 768w, http:\/\/www.vk-korana.hr\/wordpress\/wp-content\/uploads\/2025\/03\/IMG-20250315-WA0007-3-1024x1536.jpg 1024w, http:\/\/www.vk-korana.hr\/wordpress\/wp-content\/uploads\/2025\/03\/IMG-20250315-WA0007-3-1365x2048.jpg 1365w, http:\/\/www.vk-korana.hr\/wordpress\/wp-content\/uploads\/2025\/03\/IMG-20250315-WA0007-3-scaled.jpg 1707w\" sizes=\"auto, (max-width: 683px) 100vw, 683px\" \/><\/figure>\n\n\n\n<p><\/p>\n","protected":false},"excerpt":{"rendered":"<p>Zagreb, 15. o\u017eujka 2025. \u2013 Na regatnoj stazi Jarun odr\u017eana je tradicionalna daljinska regata koja je okupila vesla\u010dice i vesla\u010de svih uzrasta \u2013 od juniora do veterana. Ova regata, koja se ve\u0107 dugi niz godina odr\u017eava po\u010detkom o\u017eujka, predstavlja jedno od klju\u010dnih kontrolnih natjecanja na kojem vesla\u010dice i vesla\u010di provjeravaju napredak u zimskim pripremama i&hellip;<\/p>\n","protected":false},"author":9,"featured_media":12144,"comment_status":"closed","ping_status":"open","sticky":false,"template":"","format":"standard","meta":{"ngg_post_thumbnail":0,"footnotes":""},"categories":[8],"tags":[],"class_list":["post-12141","post","type-post","status-publish","format-standard","has-post-thumbnail","hentry","category-vijesti","category-8","description-off"],"_links":{"self":[{"href":"http:\/\/www.vk-korana.hr\/index.php?rest_route=\/wp\/v2\/posts\/12141","targetHints":{"allow":["GET"]}}],"collection":[{"href":"http:\/\/www.vk-korana.hr\/index.php?rest_route=\/wp\/v2\/posts"}],"about":[{"href":"http:\/\/www.vk-korana.hr\/index.php?rest_route=\/wp\/v2\/types\/post"}],"author":[{"embeddable":true,"href":"http:\/\/www.vk-korana.hr\/index.php?rest_route=\/wp\/v2\/users\/9"}],"replies":[{"embeddable":true,"href":"http:\/\/www.vk-korana.hr\/index.php?rest_route=%2Fwp%2Fv2%2Fcomments&post=12141"}],"version-history":[{"count":1,"href":"http:\/\/www.vk-korana.hr\/index.php?rest_route=\/wp\/v2\/posts\/12141\/revisions"}],"predecessor-version":[{"id":12150,"href":"http:\/\/www.vk-korana.hr\/index.php?rest_route=\/wp\/v2\/posts\/12141\/revisions\/12150"}],"wp:featuredmedia":[{"embeddable":true,"href":"http:\/\/www.vk-korana.hr\/index.php?rest_route=\/wp\/v2\/media\/12144"}],"wp:attachment":[{"href":"http:\/\/www.vk-korana.hr\/index.php?rest_route=%2Fwp%2Fv2%2Fmedia&parent=12141"}],"wp:term":[{"taxonomy":"category","embeddable":true,"href":"http:\/\/www.vk-korana.hr\/index.php?rest_route=%2Fwp%2Fv2%2Fcategories&post=12141"},{"taxonomy":"post_tag","embeddable":true,"href":"http:\/\/www.vk-korana.hr\/index.php?rest_route=%2Fwp%2Fv2%2Ftags&post=12141"}],"curies":[{"name":"wp","href":"https:\/\/api.w.org\/{rel}","templated":true}]}}