{"id":12167,"date":"2025-04-13T21:23:37","date_gmt":"2025-04-13T19:23:37","guid":{"rendered":"https:\/\/www.vk-korana.hr\/?p=12167"},"modified":"2025-04-14T19:36:03","modified_gmt":"2025-04-14T17:36:03","slug":"nastup-veslaca-vk-korane-na-medunarodnoj-regati-croatia-open","status":"publish","type":"post","link":"http:\/\/www.vk-korana.hr\/?p=12167","title":{"rendered":"Nastup vesla\u010da VK Korane na me\u0111unarodnoj regati Croatia Open"},"content":{"rendered":"\n<p><strong>Croatia Open<\/strong>, najve\u0107a me\u0111unarodna vesla\u010dka utrka u Hrvatskoj, odr\u017eana je 12. i 13. travnja \u010detrdeset i prvi put na Jarunu. Nastupitilo je 639 vesla\u010da iz 61 kluba koji dolaze iz 13 zemalja. Regata je, kao i prethodnih godina, slu\u017eila kao kontrolna to\u010dka za nacionalne reprezentacije Hrvatske, Slovenije i Srbije, uz nastupe vesla\u010da iz brojnih drugih zemalja.<\/p>\n\n\n\n<p>Me\u0111u natjecateljima zapa\u017een nastup ostvarili su i vesla\u010di <strong>Vesla\u010dkog kluba Korana<\/strong> iz Karlovca pod vodstvom <strong>trenera Zlatka Katu\u0161ina<\/strong>, koji su u vi\u0161e disciplina pokazali odli\u010dnu formu.<\/p>\n\n\n\n<p>U disciplini skif za juniore A, u konkurenciji \u010dak 52 vesla\u010da, nastupila su trojica predstavnika VK Korana. <strong>\u0160ime Ravnjak<\/strong> ostvario je najbolji rezultat me\u0111u njima, izboriv\u0161i se za 4. mjesto u finalu A, \u010dime je zauzeo i 4. mjesto u ukupnom poretku. Odmah iza njega, <strong>Josip Jak\u0161i\u0107<\/strong> izborio se za 5. mjesto u finalu A i tako zauzeo 5. mjesto u ukupnom poretku. <strong>Matija Car<\/strong> u jakoj konkurenciji zauzeo 35. mjesto od ukupno 52 vesla\u010da, nakon \u0161to je u kvalifikacijama bio peti u svojoj skupini.<\/p>\n\n\n\n<p>Veliki uspjeh postigli su i <strong>Leon Opa\u010di\u0107 i Dario Barbali\u0107<\/strong> (u kombiniranoj posadi VK Korana i VK Jadran Rijeka), koji su u disciplini dvojac na pari\u0107e za juniore B osvojili 2. mjesto u finalu A, \u0161to zna\u010di i 2. mjesto od ukupno 28 posada.<\/p>\n\n\n\n<p><strong>Luka Hajdin<\/strong> nastupio je u skifu seniora B i zauzeo 6. mjesto u finalu B, \u0161to ga svrstava na 12. mjesto od 2ukupno 33 natjecatelja.<\/p>\n\n\n\n<p><strong>Ema Hodak<\/strong> predstavljala je VK Koranu u disciplini skif za juniorke A, gdje je jakoj me\u0111unarodnoj konkurenciji osvojila 2. mjesto u finalu B, odnosno 8. mjesto uukupnom poretku od 34 vesla\u010dice.<\/p>\n\n\n\n<p><strong>Mauro Bauer<\/strong> veslao je u disciplini laki skif seniora i osvojio 1. mjesto u finalu B, \u010dime je zauzeo <strong>7<\/strong>. mjesto u ukupnom poretku me\u0111u 13 natjecatelja.<\/p>\n\n\n\n<p><strong>Leon Opa\u010di\u0107<\/strong> natjecao se u disciplini skif za juniore B i osvojio 1. mjesto u eliminacijama, a ukupno je zauzeo 13. mjesto u konkurenciji od 42 vesla\u010da.<\/p>\n\n\n\n<p><strong>Josip Jak\u0161i\u0107<\/strong> i <strong>\u0160ime Ravnjak<\/strong> nastupili su za Hrvatski vesla\u010dki savez u disciplini dvojac na pari\u0107e za juniore A te su osvojili 1. mjesto u finalu A i time zauzeli ukupno 1. mjesto od 19 posada.<\/p>\n\n\n\n<p><strong>Luka Hajdin<\/strong> i <strong>Bartol Bu\u0107an<\/strong>, u kombinaciji klubova Mornar i Korana, nastupili su u dvojcu na pari\u0107e za seniore. Zauzeli su 5. mjesto u eliminacijama, a ukupno su zavr\u0161ili na 14. mjestu od 17 posada.<\/p>\n\n\n\n<p><strong>Ema Hodak<\/strong> i <strong>Petra Marde\u0161i\u0107<\/strong>, u kombinaciji klubova Korana i Croatia, veslale su u dvojcu na pari\u0107e za juniorke A. Osvojile su 2. mjesto u finalu A, \u0161to im je donijelo ukupno 2. mjesto od 16 posada.<\/p>\n\n\n\n<p><strong>Matija Car<\/strong> <strong>i Mauro Bauer<\/strong> nastupili su u dvojcu na pari\u0107e za seniore lakih kategorija, gdje su osvojili 2. mjesto u finalu A i ukupno 2. mjesto od 7 posada.<\/p>\n\n\n\n<p><strong>&nbsp;Rezultati 12.4.2025. :<\/strong><\/p>\n\n\n\n<ul class=\"wp-block-list\">\n<li><strong>\u017dA 1x<\/strong> (Ema Hodak) \u2013 2. mjesto finale B, ukupno 8. mjesto od 34 vesla\u010dice<\/li>\n\n\n\n<li><strong>SMB 1x<\/strong> (Luka Hajdin) \u2013 6. mjesto finale B, ukupno 12. mjesto od 33 vesla\u010da<\/li>\n\n\n\n<li><strong>JMB 2x<\/strong> (Leon Opa\u010di\u0107 i Dario Barbali\u0107 \u2013 kombinacija Korana i Jadran Rijeka) \u2013 2. mjesto finale A, ukupno 2. mjesto od 28 posada<\/li>\n\n\n\n<li><strong>JMA 1x<\/strong> (\u0160ime Ravnjak) \u2013 4. mjesto finale A, ukupno 4. mjesto od 52 vesla\u010da<\/li>\n\n\n\n<li><strong>JMA 1x<\/strong> (Josip Jak\u0161i\u0107) \u2013 5. mjesto finale A, ukupno 5. mjesto od 52 vesla\u010da<\/li>\n\n\n\n<li><strong>JMA 1x<\/strong> (Matija Car) \u2013 5. mjesto u kvalifikacijama, ukupno 35. mjesto od 52 vesla\u010da<\/li>\n\n\n\n<li><strong>LSM 1x<\/strong> (Mauro Bauer) \u2013 1. mjesto finale B, ukupno 7. mjesto od 13 vesla\u010da<\/li>\n<\/ul>\n\n\n\n<p><strong>Rezultati 13.4.2025.:<\/strong><\/p>\n\n\n\n<ul class=\"wp-block-list\">\n<li><strong>JMB 1x<\/strong> (Leon Opa\u010di\u0107) \u2013 1. mjesto u eliminacijama, ukupno 13. mjesto od 42 posade<\/li>\n\n\n\n<li><strong>JMA 2x<\/strong> (Josip Jak\u0161i\u0107 i \u0160ime Ravnjak) \u2013 1. mjesto finale A, ukupno 1. mjesto od 19 posada<\/li>\n\n\n\n<li><strong>SM 2x<\/strong> (Luka Hajdin i Bartol Bu\u0107an \u2013 kombinacija Mornar i Korana) \u2013 5. mjesto u eliminacijama, ukupno 14. mjesto od 17 posada<\/li>\n\n\n\n<li><strong>J\u017dA 2x<\/strong> (Ema Hodak i Petra Marde\u0161i\u0107 \u2013 kombinacija Korana i Croatia) \u2013 2. mjesto finale A, ukupno 2. mjesto od 16 posada<\/li>\n\n\n\n<li><strong>LSM 2x<\/strong> (Matija Car i Mauro Bauer) \u2013 2. mjesto finale A, ukupno 2. mjesto od 7 posada<\/li>\n<\/ul>\n\n\n\n<figure class=\"wp-block-image size-large is-resized\"><img loading=\"lazy\" decoding=\"async\" width=\"768\" height=\"1024\" src=\"https:\/\/www.vk-korana.hr\/wordpress\/wp-content\/uploads\/2025\/04\/WhatsApp-Image-2025-04-13-at-18.20.02_f5157788-768x1024.jpg\" alt=\"\" class=\"wp-image-12168\" style=\"width:509px;height:auto\" srcset=\"http:\/\/www.vk-korana.hr\/wordpress\/wp-content\/uploads\/2025\/04\/WhatsApp-Image-2025-04-13-at-18.20.02_f5157788-768x1024.jpg 768w, http:\/\/www.vk-korana.hr\/wordpress\/wp-content\/uploads\/2025\/04\/WhatsApp-Image-2025-04-13-at-18.20.02_f5157788-225x300.jpg 225w, http:\/\/www.vk-korana.hr\/wordpress\/wp-content\/uploads\/2025\/04\/WhatsApp-Image-2025-04-13-at-18.20.02_f5157788-1152x1536.jpg 1152w, http:\/\/www.vk-korana.hr\/wordpress\/wp-content\/uploads\/2025\/04\/WhatsApp-Image-2025-04-13-at-18.20.02_f5157788.jpg 1200w\" sizes=\"auto, (max-width: 768px) 100vw, 768px\" \/><\/figure>\n\n\n\n<figure class=\"wp-block-image size-large is-resized\"><img loading=\"lazy\" decoding=\"async\" width=\"768\" height=\"1024\" src=\"http:\/\/www.vk-korana.hr\/wordpress\/wp-content\/uploads\/2025\/04\/IMG-20250413-WA0071-768x1024.jpg\" alt=\"\" class=\"wp-image-12176\" style=\"width:509px;height:auto\" srcset=\"http:\/\/www.vk-korana.hr\/wordpress\/wp-content\/uploads\/2025\/04\/IMG-20250413-WA0071-768x1024.jpg 768w, http:\/\/www.vk-korana.hr\/wordpress\/wp-content\/uploads\/2025\/04\/IMG-20250413-WA0071-225x300.jpg 225w, http:\/\/www.vk-korana.hr\/wordpress\/wp-content\/uploads\/2025\/04\/IMG-20250413-WA0071-1152x1536.jpg 1152w, http:\/\/www.vk-korana.hr\/wordpress\/wp-content\/uploads\/2025\/04\/IMG-20250413-WA0071.jpg 1200w\" sizes=\"auto, (max-width: 768px) 100vw, 768px\" \/><\/figure>\n\n\n\n<figure class=\"wp-block-image size-large is-resized\"><img loading=\"lazy\" decoding=\"async\" width=\"768\" height=\"1024\" src=\"https:\/\/www.vk-korana.hr\/wordpress\/wp-content\/uploads\/2025\/04\/WhatsApp-Image-2025-04-13-at-18.47.46_fb36bcf1-768x1024.jpg\" alt=\"\" class=\"wp-image-12170\" style=\"width:508px;height:auto\" srcset=\"http:\/\/www.vk-korana.hr\/wordpress\/wp-content\/uploads\/2025\/04\/WhatsApp-Image-2025-04-13-at-18.47.46_fb36bcf1-768x1024.jpg 768w, http:\/\/www.vk-korana.hr\/wordpress\/wp-content\/uploads\/2025\/04\/WhatsApp-Image-2025-04-13-at-18.47.46_fb36bcf1-225x300.jpg 225w, http:\/\/www.vk-korana.hr\/wordpress\/wp-content\/uploads\/2025\/04\/WhatsApp-Image-2025-04-13-at-18.47.46_fb36bcf1-1152x1536.jpg 1152w, http:\/\/www.vk-korana.hr\/wordpress\/wp-content\/uploads\/2025\/04\/WhatsApp-Image-2025-04-13-at-18.47.46_fb36bcf1-1536x2048.jpg 1536w, http:\/\/www.vk-korana.hr\/wordpress\/wp-content\/uploads\/2025\/04\/WhatsApp-Image-2025-04-13-at-18.47.46_fb36bcf1-scaled.jpg 1920w\" sizes=\"auto, (max-width: 768px) 100vw, 768px\" \/><\/figure>\n\n\n\n\n\n<p><\/p>\n","protected":false},"excerpt":{"rendered":"<p>Croatia Open, najve\u0107a me\u0111unarodna vesla\u010dka utrka u Hrvatskoj, odr\u017eana je 12. i 13. travnja \u010detrdeset i prvi put na Jarunu. Nastupitilo je 639 vesla\u010da iz 61 kluba koji dolaze iz 13 zemalja. Regata je, kao i prethodnih godina, slu\u017eila kao kontrolna to\u010dka za nacionalne reprezentacije Hrvatske, Slovenije i Srbije, uz nastupe vesla\u010da iz brojnih drugih&hellip;<\/p>\n","protected":false},"author":9,"featured_media":12171,"comment_status":"closed","ping_status":"open","sticky":false,"template":"","format":"standard","meta":{"ngg_post_thumbnail":0,"footnotes":""},"categories":[8],"tags":[],"class_list":["post-12167","post","type-post","status-publish","format-standard","has-post-thumbnail","hentry","category-vijesti","category-8","description-off"],"_links":{"self":[{"href":"http:\/\/www.vk-korana.hr\/index.php?rest_route=\/wp\/v2\/posts\/12167","targetHints":{"allow":["GET"]}}],"collection":[{"href":"http:\/\/www.vk-korana.hr\/index.php?rest_route=\/wp\/v2\/posts"}],"about":[{"href":"http:\/\/www.vk-korana.hr\/index.php?rest_route=\/wp\/v2\/types\/post"}],"author":[{"embeddable":true,"href":"http:\/\/www.vk-korana.hr\/index.php?rest_route=\/wp\/v2\/users\/9"}],"replies":[{"embeddable":true,"href":"http:\/\/www.vk-korana.hr\/index.php?rest_route=%2Fwp%2Fv2%2Fcomments&post=12167"}],"version-history":[{"count":2,"href":"http:\/\/www.vk-korana.hr\/index.php?rest_route=\/wp\/v2\/posts\/12167\/revisions"}],"predecessor-version":[{"id":12177,"href":"http:\/\/www.vk-korana.hr\/index.php?rest_route=\/wp\/v2\/posts\/12167\/revisions\/12177"}],"wp:featuredmedia":[{"embeddable":true,"href":"http:\/\/www.vk-korana.hr\/index.php?rest_route=\/wp\/v2\/media\/12171"}],"wp:attachment":[{"href":"http:\/\/www.vk-korana.hr\/index.php?rest_route=%2Fwp%2Fv2%2Fmedia&parent=12167"}],"wp:term":[{"taxonomy":"category","embeddable":true,"href":"http:\/\/www.vk-korana.hr\/index.php?rest_route=%2Fwp%2Fv2%2Fcategories&post=12167"},{"taxonomy":"post_tag","embeddable":true,"href":"http:\/\/www.vk-korana.hr\/index.php?rest_route=%2Fwp%2Fv2%2Ftags&post=12167"}],"curies":[{"name":"wp","href":"https:\/\/api.w.org\/{rel}","templated":true}]}}