{"id":12179,"date":"2025-05-05T22:41:17","date_gmt":"2025-05-05T20:41:17","guid":{"rendered":"https:\/\/www.vk-korana.hr\/?p=12179"},"modified":"2025-05-05T22:50:38","modified_gmt":"2025-05-05T20:50:38","slug":"veslaci-vk-korane-uspjesno-predstavljali-hrvatsku-u-munchenu","status":"publish","type":"post","link":"http:\/\/www.vk-korana.hr\/?p=12179","title":{"rendered":"Vesla\u010di VK Korane uspje\u0161no predstavljali Hrvatsku u M\u00fcnchenu"},"content":{"rendered":"\n<p>Od 2. do 4. svibnja 2025. u Oberschlei\u00dfheimu kraj M\u00fcnchena odr\u017eano je jedno od najpresti\u017enijih <strong>me\u0111unarodnih vesla\u010dkih natjecanja za juniore<\/strong>. Doma\u0107in doga\u0111anja bila je legendarna vesla\u010dka staza <em>Regattastrecke Oberschlei\u00dfheim<\/em>, izgra\u0111ena za potrebe Ljetnih olimpijskih igara 1972. godine, a koja od tada redovito ugo\u0161\u0107uje najzna\u010dajnija svjetska vesla\u010dka natjecanja.<\/p>\n\n\n\n<p>Najbolji mladi vesla\u010di Europe iz Austrije, \u010ce\u0161ke, Njema\u010dke, Velike Britanije, Poljske, Slovenije, \u0160vicarske i Hrvatske odmjerili su snage u sna\u017enoj konkurenciji. Hrvatsku je na ovom natjecanju predstavljalo \u010dak 32 vesla\u010da koji su se natjecali u 10 disciplina. Me\u0111u njima su bili i predstavnici <strong>Vesla\u010dkog kluba Korana<\/strong> \u2013 <strong>Ema Hodak, \u0160ime Ravnjak i Josip Jak\u0161i\u0107<\/strong> \u2013 koji su nastupili pod stru\u010dnim vodstvom <strong>trenera Zlatka Katu\u0161ina<\/strong>.<\/p>\n\n\n\n<p>U subotu, 3. svibnja, <strong>\u0160ime Ravnjak<\/strong> i <strong>Josip Jak\u0161i\u0107<\/strong> u dvojcu juniora A (JMA2x) osvojili su <strong>6. mjesto u A finalu<\/strong> me\u0111u 33 posade. U \u017eenskoj konkurenciji, <strong>Ema Hodak <\/strong>i Franka Boc(VK Zagreb) natjecale su se u dvojcu juniorki A (J\u017dA2x) te zavr\u0161ile na <strong>3. mjestu u C finalu<\/strong>, me\u0111u ukupno 26 posada.<\/p>\n\n\n\n<p>Natjecanja su nastavljena u nedjelju, 4. svibnja, kada su <strong>\u0160ime Ravnjak<\/strong> i <strong>Josip Jak\u0161i\u0107<\/strong> ponovno briljirali osvojiv\u0161i <strong>3. mjesto<\/strong> u ukupnom poretku me\u0111u 24 posade, potvrdiv\u0161i svoju visoku formu i kvalitetu. U disciplini \u010detverca juniorki A (J\u017dA4x), posada u sastavu <strong>Ema Hodak<\/strong>, Mia Kri\u017eman\u010di\u0107 (VK Jarun), Petra Marde\u0161i\u0107 (VK Croatia) i Franka Boc (VK Zagreb) zauzela je <strong>3. mjesto u B finalu<\/strong>, u konkurenciji 16 ekipa.<\/p>\n\n\n\n<p><strong>Subota, 3. Svibnja 2025.<\/strong><\/p>\n\n\n\n<ul class=\"wp-block-list\">\n<li><strong>JMA2x (<\/strong>\u0160ime Ravnjak, Josip Jak\u0161i\u0107) \u2013 <strong>6. mjesto u A finalu<\/strong> (ukupno 33 posade)<\/li>\n\n\n\n<li><strong>J\u017dA2x <\/strong>(Ema Hodak, Franka Boc) \u2013 <strong>3. mjesto u C finalu<\/strong> (ukupno 26 posada)<\/li>\n\n\n\n<li>\u00a0<\/li>\n<\/ul>\n\n\n\n<p><strong>Nedjelja, 4. Svibnja 2025.<\/strong><\/p>\n\n\n\n<ul class=\"wp-block-list\">\n<li><strong>JMA2x <\/strong>(\u0160ime Ravnjak, Josip Jak\u0161i\u0107) \u2013 <strong>3. mjesto ukupno<\/strong> (ukupno 24 posade)<\/li>\n\n\n\n<li><strong>J\u017dA4x (<\/strong>Ema Hodak, Mia Kri\u017eman\u010di\u0107, Petra Marde\u0161i\u0107, Franka Boc) \u2013 <strong>3. mjesto u B finalu<\/strong> (ukupno 16 posada)<\/li>\n<\/ul>\n\n\n\n<figure class=\"wp-block-image size-large\"><img loading=\"lazy\" decoding=\"async\" width=\"576\" height=\"1024\" src=\"https:\/\/www.vk-korana.hr\/wordpress\/wp-content\/uploads\/2025\/05\/1000020897-2-576x1024.jpg\" alt=\"\" class=\"wp-image-12181\" srcset=\"http:\/\/www.vk-korana.hr\/wordpress\/wp-content\/uploads\/2025\/05\/1000020897-2-576x1024.jpg 576w, http:\/\/www.vk-korana.hr\/wordpress\/wp-content\/uploads\/2025\/05\/1000020897-2-169x300.jpg 169w, http:\/\/www.vk-korana.hr\/wordpress\/wp-content\/uploads\/2025\/05\/1000020897-2-768x1365.jpg 768w, http:\/\/www.vk-korana.hr\/wordpress\/wp-content\/uploads\/2025\/05\/1000020897-2-864x1536.jpg 864w, http:\/\/www.vk-korana.hr\/wordpress\/wp-content\/uploads\/2025\/05\/1000020897-2.jpg 1080w\" sizes=\"auto, (max-width: 576px) 100vw, 576px\" \/><\/figure>\n","protected":false},"excerpt":{"rendered":"<p>Od 2. do 4. svibnja 2025. u Oberschlei\u00dfheimu kraj M\u00fcnchena odr\u017eano je jedno od najpresti\u017enijih me\u0111unarodnih vesla\u010dkih natjecanja za juniore. Doma\u0107in doga\u0111anja bila je legendarna vesla\u010dka staza Regattastrecke Oberschlei\u00dfheim, izgra\u0111ena za potrebe Ljetnih olimpijskih igara 1972. godine, a koja od tada redovito ugo\u0161\u0107uje najzna\u010dajnija svjetska vesla\u010dka natjecanja. Najbolji mladi vesla\u010di Europe iz Austrije, \u010ce\u0161ke, Njema\u010dke,&hellip;<\/p>\n","protected":false},"author":9,"featured_media":12185,"comment_status":"closed","ping_status":"open","sticky":false,"template":"","format":"standard","meta":{"ngg_post_thumbnail":0,"footnotes":""},"categories":[8],"tags":[],"class_list":["post-12179","post","type-post","status-publish","format-standard","has-post-thumbnail","hentry","category-vijesti","category-8","description-off"],"_links":{"self":[{"href":"http:\/\/www.vk-korana.hr\/index.php?rest_route=\/wp\/v2\/posts\/12179","targetHints":{"allow":["GET"]}}],"collection":[{"href":"http:\/\/www.vk-korana.hr\/index.php?rest_route=\/wp\/v2\/posts"}],"about":[{"href":"http:\/\/www.vk-korana.hr\/index.php?rest_route=\/wp\/v2\/types\/post"}],"author":[{"embeddable":true,"href":"http:\/\/www.vk-korana.hr\/index.php?rest_route=\/wp\/v2\/users\/9"}],"replies":[{"embeddable":true,"href":"http:\/\/www.vk-korana.hr\/index.php?rest_route=%2Fwp%2Fv2%2Fcomments&post=12179"}],"version-history":[{"count":1,"href":"http:\/\/www.vk-korana.hr\/index.php?rest_route=\/wp\/v2\/posts\/12179\/revisions"}],"predecessor-version":[{"id":12182,"href":"http:\/\/www.vk-korana.hr\/index.php?rest_route=\/wp\/v2\/posts\/12179\/revisions\/12182"}],"wp:featuredmedia":[{"embeddable":true,"href":"http:\/\/www.vk-korana.hr\/index.php?rest_route=\/wp\/v2\/media\/12185"}],"wp:attachment":[{"href":"http:\/\/www.vk-korana.hr\/index.php?rest_route=%2Fwp%2Fv2%2Fmedia&parent=12179"}],"wp:term":[{"taxonomy":"category","embeddable":true,"href":"http:\/\/www.vk-korana.hr\/index.php?rest_route=%2Fwp%2Fv2%2Fcategories&post=12179"},{"taxonomy":"post_tag","embeddable":true,"href":"http:\/\/www.vk-korana.hr\/index.php?rest_route=%2Fwp%2Fv2%2Ftags&post=12179"}],"curies":[{"name":"wp","href":"https:\/\/api.w.org\/{rel}","templated":true}]}}