{"id":12205,"date":"2025-05-20T11:39:11","date_gmt":"2025-05-20T09:39:11","guid":{"rendered":"http:\/\/www.vk-korana.hr\/?p=12205"},"modified":"2025-05-20T11:53:49","modified_gmt":"2025-05-20T09:53:49","slug":"prije-godinu-dana-napustio-nas-je-dugogodisnji-nas-clan-i-dragi-prijatelj-kluba-karlovcanin-i-dubovcak-s-ogulinskom-adresom-mirko-miro-brozovic","status":"publish","type":"post","link":"http:\/\/www.vk-korana.hr\/?p=12205","title":{"rendered":"Prije godinu dana napustio nas je dugogodi\u0161nji na\u0161 \u010dlan i dragi prijatelj kluba, Karlov\u010danin i Dubov\u010dak s ogulinskom adresom Mirko (Miro) Brozovi\u0107"},"content":{"rendered":"\n<p><strong>Nije bilo skup\u0161tine kluba i klupske regate a da nije navratio na svoju \u201eKvaku\u201c i k svome VK Korana koji je toliko volio. Zadnje dvije godine vi\u0161e nije dolazio ali se obvezno raspitivao: \u201eKalo je pro\u0161la skup\u0161tina, jesu na\u0161i bili najbolji na regati\u201c. Dragi na\u0161 Miro, zauvijek \u0107emo te se sje\u0107ati, po\u010divao u miru Bo\u017ejem.<\/strong><\/p>\n\n\n\n<p>Prisjetio ga se biv\u0161i ogulinski novinar <strong>Neboj\u0161a Magdi\u0107<\/strong> koji je na svom facebook profilu napisao:<\/p>\n\n\n\n<p>ODE JEDNA GODINA ODKA&#8217;D JE OTI\u0160O &#8220;\u017dABAR&#8221;<br><em>&#8220;Polako, jer to je neminovnost, iz na\u0161ih \u017eivota odlaze neki dragi ljudi. Polako se, iz dana u dan gase, poput svije\u0107a na vjetru. A dugo su gorjeli, i iza sebe ostavili svjetlo u gradu. I neka dobra djela po kojima \u0107emo ih pamtiti. Neki dobri, dragi, po\u0161teni, vrijedni ljudi, odlaze iz ovoga grada, zauvijek. Ali, isto tako zauvijek, ostaju u na\u0161im sje\u0107anjima. A upravo je takav, na\u0161 &#8216;\u017dabar&#8217;, Miro Brozovi\u0107. Bogatu knjigu svoga \u017eivota, zatvorio je na dana\u0161nji dan, 2024. S tim da je ponekad otvorimo, i da ga se sjetimo. Jer \u017eivot mu bija\u0161e ponekad te\u017eak, ali do kraja ispunjen dobrotom i ljubavlju.<br>&#8216;\u017dabare&#8217;, tamo negdje gore, u miru po\u010divaj.\u201c<\/em><\/p>\n\n\n\n<p><\/p>\n","protected":false},"excerpt":{"rendered":"<p>Nije bilo skup\u0161tine kluba i klupske regate a da nije navratio na svoju \u201eKvaku\u201c i k svome VK Korana koji je toliko volio. Zadnje dvije godine vi\u0161e nije dolazio ali se obvezno raspitivao: \u201eKalo je pro\u0161la skup\u0161tina, jesu na\u0161i bili najbolji na regati\u201c. Dragi na\u0161 Miro, zauvijek \u0107emo te se sje\u0107ati, po\u010divao u miru Bo\u017ejem.&hellip;<\/p>\n","protected":false},"author":1,"featured_media":12206,"comment_status":"closed","ping_status":"open","sticky":false,"template":"","format":"standard","meta":{"ngg_post_thumbnail":0,"footnotes":""},"categories":[8],"tags":[],"class_list":["post-12205","post","type-post","status-publish","format-standard","has-post-thumbnail","hentry","category-vijesti","category-8","description-off"],"_links":{"self":[{"href":"http:\/\/www.vk-korana.hr\/index.php?rest_route=\/wp\/v2\/posts\/12205","targetHints":{"allow":["GET"]}}],"collection":[{"href":"http:\/\/www.vk-korana.hr\/index.php?rest_route=\/wp\/v2\/posts"}],"about":[{"href":"http:\/\/www.vk-korana.hr\/index.php?rest_route=\/wp\/v2\/types\/post"}],"author":[{"embeddable":true,"href":"http:\/\/www.vk-korana.hr\/index.php?rest_route=\/wp\/v2\/users\/1"}],"replies":[{"embeddable":true,"href":"http:\/\/www.vk-korana.hr\/index.php?rest_route=%2Fwp%2Fv2%2Fcomments&post=12205"}],"version-history":[{"count":1,"href":"http:\/\/www.vk-korana.hr\/index.php?rest_route=\/wp\/v2\/posts\/12205\/revisions"}],"predecessor-version":[{"id":12207,"href":"http:\/\/www.vk-korana.hr\/index.php?rest_route=\/wp\/v2\/posts\/12205\/revisions\/12207"}],"wp:featuredmedia":[{"embeddable":true,"href":"http:\/\/www.vk-korana.hr\/index.php?rest_route=\/wp\/v2\/media\/12206"}],"wp:attachment":[{"href":"http:\/\/www.vk-korana.hr\/index.php?rest_route=%2Fwp%2Fv2%2Fmedia&parent=12205"}],"wp:term":[{"taxonomy":"category","embeddable":true,"href":"http:\/\/www.vk-korana.hr\/index.php?rest_route=%2Fwp%2Fv2%2Fcategories&post=12205"},{"taxonomy":"post_tag","embeddable":true,"href":"http:\/\/www.vk-korana.hr\/index.php?rest_route=%2Fwp%2Fv2%2Ftags&post=12205"}],"curies":[{"name":"wp","href":"https:\/\/api.w.org\/{rel}","templated":true}]}}