{"id":12210,"date":"2025-06-16T08:02:54","date_gmt":"2025-06-16T06:02:54","guid":{"rendered":"https:\/\/www.vk-korana.hr\/?p=12210"},"modified":"2025-06-16T08:03:05","modified_gmt":"2025-06-16T06:03:05","slug":"nastup-veslaca-vk-korane-na-medunarodnoj-regati-bled-2025","status":"publish","type":"post","link":"http:\/\/www.vk-korana.hr\/?p=12210","title":{"rendered":"Nastup vesla\u010da VK Korane na Me\u0111unarodnoj regati Bled 2025."},"content":{"rendered":"\n<p><strong>Na presti\u017enoj Me\u0111unarodnoj vesla\u010dkoj regati na Bledu u Sloveniji odr\u017eanoj 15. i 16. lipnja 2024., vesla\u010di Vesla\u010dkog kluba Korana ponovno su ostvarili zapa\u017eene rezultate.<\/strong><strong><br><\/strong>Regata je okupila brojne posade iz cijele Europe, a na\u0161i vesla\u010di su ponovno ostvarili zapa\u017eene rezultate u jakoj konkurenciji.<\/p>\n\n\n\n<p>Tijekom dvodnevnog natjecateljskog programa, vesla\u010di VK Korane, pod vodstvom <strong>trenera<\/strong> <strong>Zlatka Katu\u0161ina<\/strong>, nastupili su u vi\u0161e disciplina te izborili plasmane u A i B finalima.<\/p>\n\n\n\n<p>Prvog dana natjecanja,<strong> Luka Hajdin<\/strong> u kombinaciji sa Striborom \u010cizmekom (HAVK Mladost) nastupio je u seniorskom dvojcu bez kormilara te osvojio 5. mjesto u finalu A. <strong>\u0160ime Ravnjak i Josip Jak\u0161i\u0107<\/strong>, u posadi s Franom Alibegovi\u0107em (VK Croatia) i Lukom Sabeljom (VK Tre\u0161njevka), veslali su u \u010detvercu za Hrvatski vesla\u010dki savez te su ostvarili izvrstan nastup i osvojili zlatnu medalju u finalu A.<\/p>\n\n\n\n<p>Drugog dana regate<strong>, Luka Hajdin, <\/strong>David Zebec (VK Tre\u0161njevka), Nikola Kne\u017ei\u0107 (VK Krka) i Stribor \u010cizmek (HAVK Mladost) veslali su u \u010detvercu bez kormilara za Hrvatski vesla\u010dki savez i osvojili 1. mjesto u finalu B. <strong>\u0160ime Ravnjak i Josip Jak\u0161i\u0107<\/strong>, u posadi s Franom Alibegovi\u0107em (VK Croatia) i Lukom Sabeljom (VK Tre\u0161njevka), nastupili su u \u010detvercu za Hrvatski vesla\u010dki savez te su odli\u010dnim veslanjem osvojili 2. mjesto u finalu A.<\/p>\n\n\n\n<p>\u010cestitamo na\u0161im vesla\u010dima i treneru na ostvarenim rezultatima, sportskom duhu i dostojanstvenom predstavljanju kluba i Hrvatske!<strong><\/strong><\/p>\n\n\n\n<hr class=\"wp-block-separator has-alpha-channel-opacity\"\/>\n\n\n\n<p><strong>Rezultati \u2013 14. lipnja 2025.<\/strong><\/p>\n\n\n\n<ul class=\"wp-block-list\">\n<li><strong>4xJMA HVS<\/strong> (Fran Alibegovi\u0107, Luka Sabelja, \u0160ime Ravnjak, Josip Jak\u0161i\u0107) \u2013 <strong>1. mjesto u finalu A<\/strong><\/li>\n\n\n\n<li><strong>2 &#8211; SM <\/strong>(Luka Hajdin, Stribor \u010cizmi\u0107) \u2013 <strong>5. mjesto u finalu A<\/strong><br><br><\/li>\n<\/ul>\n\n\n\n<p><strong>Rezultati \u2013 15. lipnja 2025.<\/strong><strong><\/strong><\/p>\n\n\n\n<ul class=\"wp-block-list\">\n<li><strong>4- SM HVS2<\/strong> (David Zebec, Nikola Kne\u017ei\u0107, Luka Hajdin, Stribor \u010cizmek) \u2013 <strong>1. Mjesto u finalu B<\/strong><br><strong>4x JMA HVS<\/strong> (Fran Alibegovi\u0107, Luka Sabelja, \u0160ime Ravnjak, Josip Jak\u0161i\u0107) \u2013 <strong>2. mjesto u finalu A<\/strong><br><br><\/li>\n<\/ul>\n","protected":false},"excerpt":{"rendered":"<p>Na presti\u017enoj Me\u0111unarodnoj vesla\u010dkoj regati na Bledu u Sloveniji odr\u017eanoj 15. i 16. lipnja 2024., vesla\u010di Vesla\u010dkog kluba Korana ponovno su ostvarili zapa\u017eene rezultate.Regata je okupila brojne posade iz cijele Europe, a na\u0161i vesla\u010di su ponovno ostvarili zapa\u017eene rezultate u jakoj konkurenciji. Tijekom dvodnevnog natjecateljskog programa, vesla\u010di VK Korane, pod vodstvom trenera Zlatka Katu\u0161ina, nastupili&hellip;<\/p>\n","protected":false},"author":9,"featured_media":12211,"comment_status":"closed","ping_status":"open","sticky":false,"template":"","format":"standard","meta":{"ngg_post_thumbnail":0,"footnotes":""},"categories":[8],"tags":[],"class_list":["post-12210","post","type-post","status-publish","format-standard","has-post-thumbnail","hentry","category-vijesti","category-8","description-off"],"_links":{"self":[{"href":"http:\/\/www.vk-korana.hr\/index.php?rest_route=\/wp\/v2\/posts\/12210","targetHints":{"allow":["GET"]}}],"collection":[{"href":"http:\/\/www.vk-korana.hr\/index.php?rest_route=\/wp\/v2\/posts"}],"about":[{"href":"http:\/\/www.vk-korana.hr\/index.php?rest_route=\/wp\/v2\/types\/post"}],"author":[{"embeddable":true,"href":"http:\/\/www.vk-korana.hr\/index.php?rest_route=\/wp\/v2\/users\/9"}],"replies":[{"embeddable":true,"href":"http:\/\/www.vk-korana.hr\/index.php?rest_route=%2Fwp%2Fv2%2Fcomments&post=12210"}],"version-history":[{"count":1,"href":"http:\/\/www.vk-korana.hr\/index.php?rest_route=\/wp\/v2\/posts\/12210\/revisions"}],"predecessor-version":[{"id":12212,"href":"http:\/\/www.vk-korana.hr\/index.php?rest_route=\/wp\/v2\/posts\/12210\/revisions\/12212"}],"wp:featuredmedia":[{"embeddable":true,"href":"http:\/\/www.vk-korana.hr\/index.php?rest_route=\/wp\/v2\/media\/12211"}],"wp:attachment":[{"href":"http:\/\/www.vk-korana.hr\/index.php?rest_route=%2Fwp%2Fv2%2Fmedia&parent=12210"}],"wp:term":[{"taxonomy":"category","embeddable":true,"href":"http:\/\/www.vk-korana.hr\/index.php?rest_route=%2Fwp%2Fv2%2Fcategories&post=12210"},{"taxonomy":"post_tag","embeddable":true,"href":"http:\/\/www.vk-korana.hr\/index.php?rest_route=%2Fwp%2Fv2%2Ftags&post=12210"}],"curies":[{"name":"wp","href":"https:\/\/api.w.org\/{rel}","templated":true}]}}