{"id":6479,"date":"2014-06-23T00:00:00","date_gmt":"2014-06-23T00:00:00","guid":{"rendered":""},"modified":"2014-07-02T11:46:34","modified_gmt":"2014-07-02T09:46:34","slug":"raspis-61-karlovacke-veslacke-regate","status":"publish","type":"post","link":"http:\/\/www.vk-korana.hr\/?p=6479","title":{"rendered":"RASPIS 61. KARLOVA\u010cKE VESLA\u010cKE REGATE"},"content":{"rendered":"<p align=\"justify\"><img loading=\"lazy\" decoding=\"async\" src=\"\/LimewareUserFiles\/Image\/60KVR 13.jpg\" alt=\"\" width=\"173\" height=\"130\" align=\"textTop\" border=\"1\" hspace=\"8\" \/><img loading=\"lazy\" decoding=\"async\" src=\"\/LimewareUserFiles\/Image\/regata_neskusil_044.JPG\" alt=\"\" width=\"195\" height=\"130\" align=\"textTop\" border=\"1\" hspace=\"8\" \/><img loading=\"lazy\" decoding=\"async\" src=\"\/LimewareUserFiles\/Image\/regat_karlovac_127 [640x480].jpg\" alt=\"\" width=\"195\" height=\"130\" align=\"textTop\" border=\"1\" hspace=\"8\" \/><\/p>\n<p align=\"justify\">Tradicionalna Karlova\u010dka vesla\u010dka regata i Memorijal Bruno Cetinjanin, odr\u017eat \u0107e se u subotu 12. srpnja, 2014. s po\u010detkom u 16,00 sati. Raspis regate mo\u017eete na\u0107i na stranici Natjecanja.<\/p>\n","protected":false},"excerpt":{"rendered":"<p>Tradicionalna Karlova\u010dka vesla\u010dka regata i Memorijal Bruno Cetinjanin, odr\u017eat \u0107e se u subotu 12. srpnja, 2014. s po\u010detkom u 16,00 sati. Raspis regate mo\u017eete na\u0107i na stranici Natjecanja.<\/p>\n","protected":false},"author":8,"featured_media":0,"comment_status":"open","ping_status":"open","sticky":false,"template":"","format":"standard","meta":{"ngg_post_thumbnail":0,"footnotes":""},"categories":[8],"tags":[],"class_list":["post-6479","post","type-post","status-publish","format-standard","hentry","category-vijesti","category-8","description-off"],"_links":{"self":[{"href":"http:\/\/www.vk-korana.hr\/index.php?rest_route=\/wp\/v2\/posts\/6479","targetHints":{"allow":["GET"]}}],"collection":[{"href":"http:\/\/www.vk-korana.hr\/index.php?rest_route=\/wp\/v2\/posts"}],"about":[{"href":"http:\/\/www.vk-korana.hr\/index.php?rest_route=\/wp\/v2\/types\/post"}],"author":[{"embeddable":true,"href":"http:\/\/www.vk-korana.hr\/index.php?rest_route=\/wp\/v2\/users\/8"}],"replies":[{"embeddable":true,"href":"http:\/\/www.vk-korana.hr\/index.php?rest_route=%2Fwp%2Fv2%2Fcomments&post=6479"}],"version-history":[{"count":2,"href":"http:\/\/www.vk-korana.hr\/index.php?rest_route=\/wp\/v2\/posts\/6479\/revisions"}],"predecessor-version":[{"id":6766,"href":"http:\/\/www.vk-korana.hr\/index.php?rest_route=\/wp\/v2\/posts\/6479\/revisions\/6766"}],"wp:attachment":[{"href":"http:\/\/www.vk-korana.hr\/index.php?rest_route=%2Fwp%2Fv2%2Fmedia&parent=6479"}],"wp:term":[{"taxonomy":"category","embeddable":true,"href":"http:\/\/www.vk-korana.hr\/index.php?rest_route=%2Fwp%2Fv2%2Fcategories&post=6479"},{"taxonomy":"post_tag","embeddable":true,"href":"http:\/\/www.vk-korana.hr\/index.php?rest_route=%2Fwp%2Fv2%2Ftags&post=6479"}],"curies":[{"name":"wp","href":"https:\/\/api.w.org\/{rel}","templated":true}]}}