{"id":7694,"date":"2015-04-12T23:09:48","date_gmt":"2015-04-12T21:09:48","guid":{"rendered":"http:\/\/www.vk-korana.hr\/?p=7694"},"modified":"2015-04-12T23:09:48","modified_gmt":"2015-04-12T21:09:48","slug":"croatia-open-2015-jedno-b-i-dva-c-finala","status":"publish","type":"post","link":"http:\/\/www.vk-korana.hr\/?p=7694","title":{"rendered":"CROATIA OPEN 2015 &#8211; JEDNO B I DVA C FINALA"},"content":{"rendered":"<p style=\"text-align: justify;\"><a href=\"http:\/\/www.vk-korana.hr\/?attachment_id=7695\" rel=\"attachment wp-att-7695\"><img loading=\"lazy\" decoding=\"async\" class=\"alignleft  wp-image-7695\" src=\"http:\/\/www.vk-korana.hr\/wordpress\/wp-content\/uploads\/2015\/04\/minja-matija-258x300.jpg\" alt=\"minja matija\" width=\"151\" height=\"176\" srcset=\"http:\/\/www.vk-korana.hr\/wordpress\/wp-content\/uploads\/2015\/04\/minja-matija-258x300.jpg 258w, http:\/\/www.vk-korana.hr\/wordpress\/wp-content\/uploads\/2015\/04\/minja-matija.jpg 689w\" sizes=\"auto, (max-width: 151px) 100vw, 151px\" \/><\/a>Na regatnoj stazi Jarun odr\u017eana je velika me\u0111unarodna vesla\u010dka regata Croatia Open 2015, na kojoj je nastupilo oko 1200 vesla\u010da. Lijepo vrijeme \u00a0sjajne trke, vi\u0161e od 600 posada pru\u017eili su sjajnu priliku za pra\u0107enje brojnih europskih i svjetskih vesla\u010da. Vesla\u010di Korane ostvarili su plasman u jedno B i dva C finala. U B finalu veslali su Filip Jak\u0161i\u0107 i Juraj Rudar osvojiv\u0161i 4 mjesto u 2x JMA u konkurenciji 13 posada, Matija Seljan i Egon Neskusil, 3 mjesto u C finalu me\u0111u 34 posade u disciplini 2x JMB , Matija Seljan 3 mjesto u C finalu discipline 1x JMB u konkurenciji 47 vesla\u010da. Mislav Cindri\u0107 veslao je u disciplini 1x JMA ali se nije uspio plasirati u finalne trke.<\/p>\n","protected":false},"excerpt":{"rendered":"<p>Na regatnoj stazi Jarun odr\u017eana je velika me\u0111unarodna vesla\u010dka regata Croatia Open 2015, na kojoj je nastupilo oko 1200 vesla\u010da. Lijepo vrijeme \u00a0sjajne trke, vi\u0161e od 600 posada pru\u017eili su sjajnu priliku za pra\u0107enje brojnih europskih i svjetskih vesla\u010da. Vesla\u010di Korane ostvarili su plasman u jedno B i dva C finala. U B finalu veslali&hellip;<\/p>\n","protected":false},"author":8,"featured_media":0,"comment_status":"open","ping_status":"open","sticky":false,"template":"","format":"standard","meta":{"ngg_post_thumbnail":0,"footnotes":""},"categories":[1],"tags":[],"class_list":["post-7694","post","type-post","status-publish","format-standard","hentry","category-uncategorized","category-1","description-off"],"_links":{"self":[{"href":"http:\/\/www.vk-korana.hr\/index.php?rest_route=\/wp\/v2\/posts\/7694","targetHints":{"allow":["GET"]}}],"collection":[{"href":"http:\/\/www.vk-korana.hr\/index.php?rest_route=\/wp\/v2\/posts"}],"about":[{"href":"http:\/\/www.vk-korana.hr\/index.php?rest_route=\/wp\/v2\/types\/post"}],"author":[{"embeddable":true,"href":"http:\/\/www.vk-korana.hr\/index.php?rest_route=\/wp\/v2\/users\/8"}],"replies":[{"embeddable":true,"href":"http:\/\/www.vk-korana.hr\/index.php?rest_route=%2Fwp%2Fv2%2Fcomments&post=7694"}],"version-history":[{"count":2,"href":"http:\/\/www.vk-korana.hr\/index.php?rest_route=\/wp\/v2\/posts\/7694\/revisions"}],"predecessor-version":[{"id":7697,"href":"http:\/\/www.vk-korana.hr\/index.php?rest_route=\/wp\/v2\/posts\/7694\/revisions\/7697"}],"wp:attachment":[{"href":"http:\/\/www.vk-korana.hr\/index.php?rest_route=%2Fwp%2Fv2%2Fmedia&parent=7694"}],"wp:term":[{"taxonomy":"category","embeddable":true,"href":"http:\/\/www.vk-korana.hr\/index.php?rest_route=%2Fwp%2Fv2%2Fcategories&post=7694"},{"taxonomy":"post_tag","embeddable":true,"href":"http:\/\/www.vk-korana.hr\/index.php?rest_route=%2Fwp%2Fv2%2Ftags&post=7694"}],"curies":[{"name":"wp","href":"https:\/\/api.w.org\/{rel}","templated":true}]}}