{"id":7749,"date":"2015-05-16T21:49:51","date_gmt":"2015-05-16T19:49:51","guid":{"rendered":"http:\/\/www.vk-korana.hr\/?p=7749"},"modified":"2015-05-16T21:57:07","modified_gmt":"2015-05-16T19:57:07","slug":"djeca-os-dubovac-u-posjeti-vk-korana","status":"publish","type":"post","link":"http:\/\/www.vk-korana.hr\/?p=7749","title":{"rendered":"DJECA O\u0160 DUBOVAC U POSJETI VK KORANA"},"content":{"rendered":"<p style=\"text-align: justify;\"><a href=\"http:\/\/www.vk-korana.hr\/?attachment_id=7738\" rel=\"attachment wp-att-7738\"><img loading=\"lazy\" decoding=\"async\" class=\"alignleft  wp-image-7738\" src=\"http:\/\/www.vk-korana.hr\/wordpress\/wp-content\/uploads\/2015\/05\/IMG_1163-150x147.jpg\" alt=\"IMG_1163\" width=\"181\" height=\"168\" \/><\/a><a href=\"http:\/\/www.vk-korana.hr\/?attachment_id=7740\" rel=\"attachment wp-att-7740\"><img loading=\"lazy\" decoding=\"async\" class=\"alignleft  wp-image-7740\" src=\"http:\/\/www.vk-korana.hr\/wordpress\/wp-content\/uploads\/2015\/05\/IMG_1166-150x150.jpg\" alt=\"IMG_1166\" width=\"179\" height=\"169\" \/><\/a><a href=\"http:\/\/www.vk-korana.hr\/?attachment_id=7741\" rel=\"attachment wp-att-7741\"><img loading=\"lazy\" decoding=\"async\" class=\"alignleft  wp-image-7741\" src=\"http:\/\/www.vk-korana.hr\/wordpress\/wp-content\/uploads\/2015\/05\/IMG_1169-150x150.jpg\" alt=\"IMG_1169\" width=\"180\" height=\"171\" \/><\/a><a href=\"http:\/\/www.vk-korana.hr\/?attachment_id=7742\" rel=\"attachment wp-att-7742\"><img loading=\"lazy\" decoding=\"async\" class=\"alignleft  wp-image-7742\" src=\"http:\/\/www.vk-korana.hr\/wordpress\/wp-content\/uploads\/2015\/05\/IMG_1173-150x150.jpg\" alt=\"IMG_1173\" width=\"175\" height=\"166\" \/><\/a><a href=\"http:\/\/www.vk-korana.hr\/?attachment_id=7748\" rel=\"attachment wp-att-7748\"><img loading=\"lazy\" decoding=\"async\" class=\"alignleft  wp-image-7748\" src=\"http:\/\/www.vk-korana.hr\/wordpress\/wp-content\/uploads\/2015\/05\/IMG_1182-150x150.jpg\" alt=\"IMG_1182\" width=\"182\" height=\"167\" \/><\/a><a href=\"http:\/\/www.vk-korana.hr\/?attachment_id=7737\" rel=\"attachment wp-att-7737\"><img loading=\"lazy\" decoding=\"async\" class=\"alignleft  wp-image-7737\" src=\"http:\/\/www.vk-korana.hr\/wordpress\/wp-content\/uploads\/2015\/05\/IMG_1186-1-150x150.jpg\" alt=\"IMG_1186 (1)\" width=\"185\" height=\"173\" \/><\/a>U okviru manifestacije Karlova\u010dki vrtuljak u\u010denici 3d razreda O\u0160 Dubovac pod vodstvom njihove u\u010diteljice Josipe Bili\u010di\u0107 i knji\u017eni\u010darke Ane Sudarevi\u0107 posjetila su Vesla\u010dki klub Korana. Primili su ih predsjednik Antun Purgar, \u010dlan UO Marijan Baki\u0107 i treneri Zlatko Katu\u0161in i Dario \u0160abi\u0107. Proveli su ih kroz klupske prostorije, govorili o veslanju i klubu, pokazali spremi\u0161te \u010damaca i teretanu gdje su isprobali ergometre i na kraju su pogledali trofejnu dvoranu. Na kraju svima su poklonjene bro\u0161ure o povijesti kluba.<\/p>\n","protected":false},"excerpt":{"rendered":"<p>U okviru manifestacije Karlova\u010dki vrtuljak u\u010denici 3d razreda O\u0160 Dubovac pod vodstvom njihove u\u010diteljice Josipe Bili\u010di\u0107 i knji\u017eni\u010darke Ane Sudarevi\u0107 posjetila su Vesla\u010dki klub Korana. Primili su ih predsjednik Antun Purgar, \u010dlan UO Marijan Baki\u0107 i treneri Zlatko Katu\u0161in i Dario \u0160abi\u0107. Proveli su ih kroz klupske prostorije, govorili o veslanju i klubu, pokazali spremi\u0161te&hellip;<\/p>\n","protected":false},"author":8,"featured_media":0,"comment_status":"closed","ping_status":"open","sticky":false,"template":"","format":"standard","meta":{"ngg_post_thumbnail":0,"footnotes":""},"categories":[1],"tags":[],"class_list":["post-7749","post","type-post","status-publish","format-standard","hentry","category-uncategorized","category-1","description-off"],"_links":{"self":[{"href":"http:\/\/www.vk-korana.hr\/index.php?rest_route=\/wp\/v2\/posts\/7749","targetHints":{"allow":["GET"]}}],"collection":[{"href":"http:\/\/www.vk-korana.hr\/index.php?rest_route=\/wp\/v2\/posts"}],"about":[{"href":"http:\/\/www.vk-korana.hr\/index.php?rest_route=\/wp\/v2\/types\/post"}],"author":[{"embeddable":true,"href":"http:\/\/www.vk-korana.hr\/index.php?rest_route=\/wp\/v2\/users\/8"}],"replies":[{"embeddable":true,"href":"http:\/\/www.vk-korana.hr\/index.php?rest_route=%2Fwp%2Fv2%2Fcomments&post=7749"}],"version-history":[{"count":7,"href":"http:\/\/www.vk-korana.hr\/index.php?rest_route=\/wp\/v2\/posts\/7749\/revisions"}],"predecessor-version":[{"id":7756,"href":"http:\/\/www.vk-korana.hr\/index.php?rest_route=\/wp\/v2\/posts\/7749\/revisions\/7756"}],"wp:attachment":[{"href":"http:\/\/www.vk-korana.hr\/index.php?rest_route=%2Fwp%2Fv2%2Fmedia&parent=7749"}],"wp:term":[{"taxonomy":"category","embeddable":true,"href":"http:\/\/www.vk-korana.hr\/index.php?rest_route=%2Fwp%2Fv2%2Fcategories&post=7749"},{"taxonomy":"post_tag","embeddable":true,"href":"http:\/\/www.vk-korana.hr\/index.php?rest_route=%2Fwp%2Fv2%2Ftags&post=7749"}],"curies":[{"name":"wp","href":"https:\/\/api.w.org\/{rel}","templated":true}]}}