{"id":7866,"date":"2015-09-04T20:27:56","date_gmt":"2015-09-04T18:27:56","guid":{"rendered":"http:\/\/www.vk-korana.hr\/?p=7866"},"modified":"2015-09-04T20:29:15","modified_gmt":"2015-09-04T18:29:15","slug":"bakarska-regata-srebrna-medalja-za-seniorski-a-broncana-za-juniorski-dvojac-karlovacke-korane","status":"publish","type":"post","link":"http:\/\/www.vk-korana.hr\/?p=7866","title":{"rendered":"Bakarska regata: Srebrna medalja za seniorski, a bron\u010dana za juniorski dvojac karlova\u010dke \u201eKorane\u201c"},"content":{"rendered":"<p style=\"text-align: left;\"><a href=\"http:\/\/www.vk-korana.hr\/wordpress\/wp-content\/uploads\/2015\/09\/IMG_1482.jpg\"><img loading=\"lazy\" decoding=\"async\" class=\"size-medium wp-image-7867 alignleft\" src=\"http:\/\/www.vk-korana.hr\/wordpress\/wp-content\/uploads\/2015\/09\/IMG_1482-300x225.jpg\" alt=\"IMG_1482\" width=\"300\" height=\"225\" srcset=\"http:\/\/www.vk-korana.hr\/wordpress\/wp-content\/uploads\/2015\/09\/IMG_1482-300x225.jpg 300w, http:\/\/www.vk-korana.hr\/wordpress\/wp-content\/uploads\/2015\/09\/IMG_1482-1024x768.jpg 1024w, http:\/\/www.vk-korana.hr\/wordpress\/wp-content\/uploads\/2015\/09\/IMG_1482.jpg 1280w\" sizes=\"auto, (max-width: 300px) 100vw, 300px\" \/><\/a>Vesla\u010di karlova\u010dke \u201cKorane\u201d osvojili su dvije medalje na tradicionalnoj Bakarskoj regati koja se odr\u017eava i kao prva regata vesla\u010dkog kupa \u201eMiljenka Finderlea\u201c. Nastupilo je vi\u0161e od 130 posada iz svih zagreba\u010dkih klubova, Istre i Slavonije te karlova\u010dka \u201eKorana\u201c.<\/p>\n<p style=\"text-align: left;\">Drugo mjesto i srebrna medalja u A finalu pripala je seniorskom dvojcu na pari\u0107e A u kojem su veslali Mislav Cindri\u0107 i Dominik \u0160utalo. Tre\u0107e mjesto i bron\u010danu medalju u A finalu osvojio je juniorski dvojac na pari\u0107e B s posadom Egon Neskusil i Matija Seljan, koji veslaju u sve boljoj formi.<\/p>\n<p style=\"text-align: left;\">Filip Miki\u0107 je u A finalu skifova za kadete zauzeo 4. mjesto, 5. mjesto u A finalu juniorskih skifova B zauzeo je Josip Grguri\u0107, a 6. mjesto u istoj kategoriji pripalo je za Mislava Cindri\u0107a, dok je 4. mjesto u B finalu pripalo za kadetski dvojac na pari\u0107e u kojem su veslali Martin Peni\u0107 \u2013 Ivanko i Patrik Vrabac.<\/p>\n<p style=\"text-align: left;\">\u2013 Bila je to prva regata nakon ljetne pauze i kra\u0107ih priprema, zadovoljan sam \u2013 kratko je komentirao nastup svojih vesla\u010da trener Zlatko Katu\u0161in.<\/p>\n","protected":false},"excerpt":{"rendered":"<p>Vesla\u010di karlova\u010dke \u201cKorane\u201d osvojili su dvije medalje na tradicionalnoj Bakarskoj regati koja se odr\u017eava i kao prva regata vesla\u010dkog kupa \u201eMiljenka Finderlea\u201c. Nastupilo je vi\u0161e od 130 posada iz svih zagreba\u010dkih klubova, Istre i Slavonije te karlova\u010dka \u201eKorana\u201c. Drugo mjesto i srebrna medalja u A finalu pripala je seniorskom dvojcu na pari\u0107e A u kojem&hellip;<\/p>\n","protected":false},"author":3,"featured_media":0,"comment_status":"closed","ping_status":"open","sticky":false,"template":"","format":"standard","meta":{"ngg_post_thumbnail":0,"footnotes":""},"categories":[1],"tags":[],"class_list":["post-7866","post","type-post","status-publish","format-standard","hentry","category-uncategorized","category-1","description-off"],"_links":{"self":[{"href":"http:\/\/www.vk-korana.hr\/index.php?rest_route=\/wp\/v2\/posts\/7866","targetHints":{"allow":["GET"]}}],"collection":[{"href":"http:\/\/www.vk-korana.hr\/index.php?rest_route=\/wp\/v2\/posts"}],"about":[{"href":"http:\/\/www.vk-korana.hr\/index.php?rest_route=\/wp\/v2\/types\/post"}],"author":[{"embeddable":true,"href":"http:\/\/www.vk-korana.hr\/index.php?rest_route=\/wp\/v2\/users\/3"}],"replies":[{"embeddable":true,"href":"http:\/\/www.vk-korana.hr\/index.php?rest_route=%2Fwp%2Fv2%2Fcomments&post=7866"}],"version-history":[{"count":3,"href":"http:\/\/www.vk-korana.hr\/index.php?rest_route=\/wp\/v2\/posts\/7866\/revisions"}],"predecessor-version":[{"id":7870,"href":"http:\/\/www.vk-korana.hr\/index.php?rest_route=\/wp\/v2\/posts\/7866\/revisions\/7870"}],"wp:attachment":[{"href":"http:\/\/www.vk-korana.hr\/index.php?rest_route=%2Fwp%2Fv2%2Fmedia&parent=7866"}],"wp:term":[{"taxonomy":"category","embeddable":true,"href":"http:\/\/www.vk-korana.hr\/index.php?rest_route=%2Fwp%2Fv2%2Fcategories&post=7866"},{"taxonomy":"post_tag","embeddable":true,"href":"http:\/\/www.vk-korana.hr\/index.php?rest_route=%2Fwp%2Fv2%2Ftags&post=7866"}],"curies":[{"name":"wp","href":"https:\/\/api.w.org\/{rel}","templated":true}]}}