{"id":7879,"date":"2015-09-20T09:44:32","date_gmt":"2015-09-20T07:44:32","guid":{"rendered":"http:\/\/www.vk-korana.hr\/?p=7879"},"modified":"2015-09-20T09:45:51","modified_gmt":"2015-09-20T07:45:51","slug":"7879","status":"publish","type":"post","link":"http:\/\/www.vk-korana.hr\/?p=7879","title":{"rendered":"Vesla\u010dima Korane dvije srebrne i dvije bron\u010dane medalje na 2. regati Kupa Hrvatske"},"content":{"rendered":"<p><img loading=\"lazy\" decoding=\"async\" class=\"size-medium wp-image-7880 alignleft\" src=\"http:\/\/www.vk-korana.hr\/wordpress\/wp-content\/uploads\/2015\/09\/seljan-grguric-300x178.jpg\" alt=\"seljan-grguric\" width=\"300\" height=\"178\" srcset=\"http:\/\/www.vk-korana.hr\/wordpress\/wp-content\/uploads\/2015\/09\/seljan-grguric-300x178.jpg 300w, http:\/\/www.vk-korana.hr\/wordpress\/wp-content\/uploads\/2015\/09\/seljan-grguric.jpg 913w\" sizes=\"auto, (max-width: 300px) 100vw, 300px\" \/>Vesla\u010dki savez Zagreba organizirao je na jarunskom jezeru 2. regatu vesla\u010dkog kupa \u201eMiljenka Finderlea\u201c za 2015\/16.\u00a0\u00a0godinu. Nastupili su svi zagreba\u010dki klubovi (Mladost, Jarun, Croatia, Tre\u0161njevka, Nova i Zagreb) rovinjski Arupinum, Istra iz Pule, Medulin, Glagolja\u0161 iz Omi\u0161lja, Krka iz \u0160ibenika, i karlova\u010dka Korana.<\/p>\n<p>Filip Miki\u0107 je u skifu za kadete A osvojio 2. mjesto u A finalu, kao \u0161to je 2. mjesto u A finalu osvojio i juniorski dvojac Korane B u kojem su veslali Josip Grguri\u0107 i Matija Seljan. Grguri\u0107 je, naime, bio rezervna postava ovog dvojca koji je zamijeniv\u0161i Egona Neskusila koji je neo\u010dekivano zadobio povredu pa nije mogao nastupiti a prije toga se mjesecima pripremao za nastup na regati kupa. Zatim, 3. mjesto u A finalu pripalo je za Mislava Cindri\u0107a koji je nastupio u skifu za juniore A, kao i za seniora Dominika \u0160utala koji je veslao u skifu za seniore A. Dvojac na pari\u0107e za kadete A sa posadom Martin Peni\u0107 Ivanko i Patrik Vrabac osvojio je 5. mjesto u A finalu. I na kraju, Marko Kukolj je bio 2. u B finalu juniorskih skifova B.<\/p>\n","protected":false},"excerpt":{"rendered":"<p>Vesla\u010dki savez Zagreba organizirao je na jarunskom jezeru 2. regatu vesla\u010dkog kupa \u201eMiljenka Finderlea\u201c za 2015\/16.\u00a0\u00a0godinu. Nastupili su svi zagreba\u010dki klubovi (Mladost, Jarun, Croatia, Tre\u0161njevka, Nova i Zagreb) rovinjski Arupinum, Istra iz Pule, Medulin, Glagolja\u0161 iz Omi\u0161lja, Krka iz \u0160ibenika, i karlova\u010dka Korana. Filip Miki\u0107 je u skifu za kadete A osvojio 2. mjesto u&hellip;<\/p>\n","protected":false},"author":3,"featured_media":0,"comment_status":"closed","ping_status":"open","sticky":false,"template":"","format":"standard","meta":{"ngg_post_thumbnail":0,"footnotes":""},"categories":[1],"tags":[],"class_list":["post-7879","post","type-post","status-publish","format-standard","hentry","category-uncategorized","category-1","description-off"],"_links":{"self":[{"href":"http:\/\/www.vk-korana.hr\/index.php?rest_route=\/wp\/v2\/posts\/7879","targetHints":{"allow":["GET"]}}],"collection":[{"href":"http:\/\/www.vk-korana.hr\/index.php?rest_route=\/wp\/v2\/posts"}],"about":[{"href":"http:\/\/www.vk-korana.hr\/index.php?rest_route=\/wp\/v2\/types\/post"}],"author":[{"embeddable":true,"href":"http:\/\/www.vk-korana.hr\/index.php?rest_route=\/wp\/v2\/users\/3"}],"replies":[{"embeddable":true,"href":"http:\/\/www.vk-korana.hr\/index.php?rest_route=%2Fwp%2Fv2%2Fcomments&post=7879"}],"version-history":[{"count":2,"href":"http:\/\/www.vk-korana.hr\/index.php?rest_route=\/wp\/v2\/posts\/7879\/revisions"}],"predecessor-version":[{"id":7882,"href":"http:\/\/www.vk-korana.hr\/index.php?rest_route=\/wp\/v2\/posts\/7879\/revisions\/7882"}],"wp:attachment":[{"href":"http:\/\/www.vk-korana.hr\/index.php?rest_route=%2Fwp%2Fv2%2Fmedia&parent=7879"}],"wp:term":[{"taxonomy":"category","embeddable":true,"href":"http:\/\/www.vk-korana.hr\/index.php?rest_route=%2Fwp%2Fv2%2Fcategories&post=7879"},{"taxonomy":"post_tag","embeddable":true,"href":"http:\/\/www.vk-korana.hr\/index.php?rest_route=%2Fwp%2Fv2%2Ftags&post=7879"}],"curies":[{"name":"wp","href":"https:\/\/api.w.org\/{rel}","templated":true}]}}