{"id":8943,"date":"2018-02-26T18:45:55","date_gmt":"2018-02-26T16:45:55","guid":{"rendered":"http:\/\/www.vk-korana.hr\/?p=8943"},"modified":"2018-02-26T19:03:38","modified_gmt":"2018-02-26T17:03:38","slug":"skupstina-vk-korana-2018","status":"publish","type":"post","link":"http:\/\/www.vk-korana.hr\/?p=8943","title":{"rendered":"Skup\u0161tina VK Korana 2018"},"content":{"rendered":"<p><strong>Vesla\u010dki klub odr\u017eao je redovitu godi\u0161nju skup\u0161tinu na kojoj su dominirala dva izvje\u0161\u0107a \u2013 Izvje\u0161\u0107e o jednogodi\u0161njem radu kluba koje je podnio predsjednik VK Korana Bruno Rogi\u0107 i izvje\u0161\u0107e Stru\u010dno \u2013 programskog povjerenstva \u0161to ga je podnio profesionalni trener Zlatko Katu\u0161in.<\/strong><\/p>\n<figure id=\"attachment_311950\" class=\"wp-caption alignleft\" style=\"width: 300px;\"><a href=\"http:\/\/kaportal.rtl.hr\/portal\/wp-content\/uploads\/2018\/02\/rogic.jpg\"><img loading=\"lazy\" decoding=\"async\" class=\"tie-appear alignleft wp-image-311950 size-medium\" title=\"Bruno Rogi\u0107, predsjednik VK Korana\" src=\"http:\/\/kaportal.rtl.hr\/portal\/wp-content\/uploads\/2018\/02\/rogic-300x205.jpg\" alt=\"\" width=\"300\" height=\"205\" \/><\/a><\/figure>\n<p>\u2013 U 2017.godini nakon vi\u0161egodi\u0161nje nemogu\u0107nosti ulaganja u opremu uspjeli smo znatno popraviti uvjete rada i treniranja. Donacijom tvrtke LIN trgovina nabavljen je natjecateljski samac u vrijednosti 60.000 kuna, a javnim natje\u010dajem gradskih tvrtki kupljena su dva para skul vesla sponzorstvom tvrtke Inkasator. Iz vlastitih sredstava klub je uspio izvr\u0161iti generalnu reparaturu natjecateljskog dvojca na pari\u0107e. I dalje ostaje jedan od problema ure\u0111enje i opremanje klupske teretane. Vrlo ozbiljan problem za vesla\u010dki sport u Karlovcu u posljednje dvije godine predstavlja rad Hidroelektrane Le\u0161\u0107e jer dolazi do naglih i nepredvidivih oscilacija vodostaja rijeke Kupe \u0161to u znatnoj mjeri ote\u017eava odvijanje treninga na vodi \u2013 izvijestio je izme\u0111u ostaloga u svom izvje\u0161\u0107u o jednogodi\u0161njem radu predsjednik VK Korana<strong> Bruno Rogi\u0107<\/strong>.<\/p>\n<p>\u2013 Sportski objekti i oprema kojima upravlja klub i skrbi o njihovom odr\u017eavanju iziskuju znatan napor u osiguranju sredstava. Tome treba dodati i tro\u0161kove osiguranja, energenata, komunalije, komunikacije \u2026 Sve navedene aktivnosti i sportski rezultati ostvareni su uz veliki anga\u017eman \u010dlanova i prijatelja kluba, trenera i vesla\u010da, potporu sponzora i donatora, Grada Karlovca i Karlova\u010dke \u017eupanije, Karlova\u010dke \u0161portske zajednice i Zajednice \u0161portova Karlova\u010dke \u017eupanije. Ovom prigodom iskazujem na\u0161u iskrenu zahvalnost. Zahvaljujem se svim elektroni\u010dkim i pisanim medijima na pra\u0107enju rada kluba i vesla\u010dkih natjecanja \u2013 rekao je Rogi\u0107.<\/p>\n<p>Ukupno ostvareni prihodi u pro\u0161loj godini iznosili su ne\u0161to vi\u0161e od 284.000 kuna te se i u 2018. godini nadaju ostvariti cca 300.000 kuna. Najvi\u0161e sredstava prihoduju iz prora\u010duna, od K\u0160Z-a, dio prikupljenih je sredstava je iz najma ugostiteljskog objekta i teniskih terena te drugih donatora i sponzora kluba.<\/p>\n<p>Klub je uspje\u0161no organizirao i odr\u017eao tradicionalnu Karlova\u010dku vesla\u010dku regatu te proljetnu klupsku regatu i regatu \u0160kole veslanja. \u0160kola veslanja VK Korana okuplja 30-tak polaznika u dobi od 10 do 14 godina starosti polaznika. U 2017. godini \u0160kolu veslanja vodio je jedan profesionalni i jedan honorarni trener koji su sudjelovalo i u realizaciji cjelokupnog trena\u017enog procesa. Treninzi su odr\u017eavani \u010detiri puta tjedno. Trener \u0160kole veslanja <strong>Dario \u0160abi\u0107<\/strong> uspje\u0161no je zavr\u0161io program edukacije organiziran od strane HOA, tako da trenutno u klubu rade dva licencirana trenera.<\/p>\n<div style=\"float: none; margin: 0px;\">\n<p>U pro\u0161loj godini vesla\u010di VK Korane nastupili su na 20 vesla\u010dkih natjecanja, \u010detiri vi\u0161e u odnosu na godinu prije, od toga je 12 bilo doma\u0107ih i 8 me\u0111unarodnih regata. Osvojeno je 51 odli\u010dje, 19 zlatnih, 20 srebrnih i 12 bron\u010danih medalja. Od 51 medalje 3 su osvoje na Hrvatskom vesla\u010dkom prvenstvu, 16 medalja na me\u0111unarodnim vesla\u010dkim regatama i 32 medalja na doma\u0107im regatama.<\/p>\n<p>\u2013 Ako to usporedimo sa 2016. natjecateljskom godinom mo\u017eemo primijetiti da je broj osvojenih odli\u010dja u 2017. godini ve\u0107i za 11 ali je broj medalja osvojenih na prvenstvu RH ostao isti \u2013 rekao je trener <strong>Zlatko Katu\u0161in<\/strong>.<\/p>\n<figure id=\"attachment_311951\" class=\"wp-caption alignright\" style=\"width: 300px;\"><a href=\"http:\/\/kaportal.rtl.hr\/portal\/wp-content\/uploads\/2018\/02\/minja.jpg\"><img loading=\"lazy\" decoding=\"async\" class=\"tie-appear alignright wp-image-311951 size-medium\" title=\"Zlatko Katu\u0161in,profesionalni trener vesla\u010da\" src=\"http:\/\/kaportal.rtl.hr\/portal\/wp-content\/uploads\/2018\/02\/minja-300x219.jpg\" alt=\"\" width=\"300\" height=\"219\" \/><\/a><\/figure>\n<p>Dominik \u0160utalo i Mislav Cindri\u0107 su u sastavu Hrvatske vesla\u010dke reprezentacije na me\u0111unarodnoj regati u Linzu-Ottensheim u \u010detvercu na pari\u0107e za seniore osvojili 3. mjesto u FA, a Mislav Cindri\u0107 u dvojcu na pari\u0107e za lake seniore 5. mjesto u FA. \u0160utalo je nastupio i na Svjetskom vesla\u010dkom prvenstvu U23 u Plovdivu u dvojcu na pari\u0107e za lake seniore gdje s vesla\u010dem iz HVK Mladosti Zvonimirom Soldom osvaja 5. mjesto u FC.<\/p>\n<p>\u2013 S klupskim posadama uspje\u0161no smo nastupili i na me\u0111unarodnoj regati u Mariboru osvojiv\u0161i ukupno jedno prvo, dva druga i dva tre\u0107a mjesta. Kao najzna\u010dajnije klupsko natjecanje na\u0161ih vesla\u010da u protekloj sezoni treba izdvojiti nastupe na Hrvatskom vesla\u010dkom prvenstvu gdje smo nastupili sa 9 posada od \u010dega je 7 posada u\u0161lo u A finale, a 3 posade osvojile su odli\u010dja. Naslov dr\u017eavnih prvaka drugu godinu zaredom uspijevamo obraniti u disciplini dvojac na pari\u0107e za lake seniore u sastavu Mislav Cindri\u0107 i Dominik \u0160utalo. Ovim rezultatom \u0160utalo i Cindri\u0107 dobivaju status sporta\u0161a 3. kategorije vrhunskih sporta\u0161a od strane HOO-a i mogu\u0107nost stipendiranja od strane K\u0160Z-a. Najuspje\u0161nije nastupe na Prvenstvu RH imao je vesla\u010d Josip Grguri\u0107 koji na dr\u017eavnom prvenstvu osvojio dvije medalje u disciplini samac za seniore osvaja 3. mjesto a u disciplini samac za juniore 2. mjesto. Grguri\u0107u je uspjelo postati i ukupnim pobjednikom VKMF i pobjednikom finala Vesla\u010dkog kupa RH u disciplini samac za juniure. Dvojac na pari\u0107e za seniore Cindri\u0107, \u0160utalo na finalu Vesla\u010dkog kupa RH osvojio je drugo mjesto \u2013 naglasio je Katu\u0161in.<\/p>\n<figure id=\"attachment_311952\" class=\"wp-caption alignleft\" style=\"width: 300px;\"><a href=\"http:\/\/kaportal.rtl.hr\/portal\/wp-content\/uploads\/2018\/02\/grguric-vrbanac-cindric.jpg\"><img loading=\"lazy\" decoding=\"async\" class=\"tie-appear alignleft wp-image-311952 size-medium\" title=\"Nagra\u0111eni vesla\u010di Josip Grguri\u0107 i Mislav Cindri\u0107 s potpredsjednikom kluba Borisom Vrbancem\" src=\"http:\/\/kaportal.rtl.hr\/portal\/wp-content\/uploads\/2018\/02\/grguric-vrbanac-cindric-300x185.jpg\" alt=\"\" width=\"300\" height=\"185\" \/><\/a><\/figure>\n<p>Niz uspje\u0161nih rezultata ostvarili su vesla\u010di Korane nastupaju\u0107i na \u0161est regata u Vesla\u010dkom kupu \u2018Miljenko Finderle\u2019, Otvorenom prvenstvu Zagreba, Inter City regati te na me\u0111unarodnoj regati Jumbo. Tu treba istaknuti uspje\u0161ne nastupe Maura Bauera i Igora \u0160u\u0161njara koji u disciplini dvojac na pari\u0107e za kadete B osvajaju niz od 5 uzastopnih pobjeda. Vrlo uspje\u0161no u pro\u0161loj natjecateljskoj sezoni nastupali su Patrik Vrabac i Mario Konjevoda ostvariv\u0161i niz uspje\u0161nih rezultata.<\/p>\n<p>\u2013 Na kraju ovog presjeka samo najzna\u010dajnijih vesla\u010dkih rezultata mo\u017eemo zaklju\u010diti da je protekla natjecateljska sezona za na\u0161 klub bila vrlo uspje\u0161na kako na doma\u0107im tako i na velikim me\u0111unarodnim natjecanjima \u2013 zaklju\u010dio je Katu\u0161in.<\/p>\n<figure id=\"attachment_311953\" class=\"wp-caption alignright\" style=\"width: 300px;\"><a href=\"http:\/\/kaportal.rtl.hr\/portal\/wp-content\/uploads\/2018\/02\/purgar-2.jpg\"><img loading=\"lazy\" decoding=\"async\" class=\"tie-appear alignright wp-image-311953 size-medium\" title=\"Dosada\u0161nji predsjednik Antun Purgar primio je plaketu kluba u znak zahvalnosti na uspje\u0161nom vo\u0111enju VK Korana\" src=\"http:\/\/kaportal.rtl.hr\/portal\/wp-content\/uploads\/2018\/02\/purgar-2-300x206.jpg\" alt=\"\" width=\"300\" height=\"206\" \/><\/a><\/figure>\n<p>Plan nastupa u 2018. godini uskla\u0111en je s kalendarom HVS-a i kalendarom natjecanja koje je donio Upravni odbor VK Korana. Planiran je nastup na 20-ak doma\u0107ih i me\u0111unarodnih regata sukladno financijskim mogu\u0107nostima. Najzna\u010dajnija natjecanja u sezoni bit \u0107e nastupi na svjetskom i europskom seniorskom U23 prvenstvu, regatama Svjetskog vesla\u010dkog kupa, me\u0111unarodnim A regatama na kojima se mo\u017ee ostvariti kategorizacija HOO, Svjetskom sveu\u010dili\u0161nom prvenstvu te nastup na prvenstvu Hrvatske za seniore, juniore i kadete, te nastup u Vesla\u010dkom kupu \u2018Miljenko Finderle\u2019. Sredi\u0161nji doma\u0107i vesla\u010dki doga\u0111aj bit \u0107e organizacija 65. Karlova\u010dke vesla\u010dke regate i 27. Memorijala \u2018Bruno Cetinjanin\u2019.<\/p>\n<p>Upravni odbor kluba nagradio je za uspje\u0161ne rezultate u pro\u0161loj godini vesla\u010de <strong>Dominika \u0160utala<\/strong>, <strong>Mislava Cindri\u0107a<\/strong> i <strong>Josipa Grguri\u0107a<\/strong>, donedavnog predsjednika <strong>Antuna Purgara<\/strong>, <strong>Ivana Lutza<\/strong> vlasnika LIN trgovine koja je klubu donirala skif te <strong>Inkasator<\/strong> koji je klubu pro\u0161le godine donirao dva para vesla.<\/p>\n<\/div>\n","protected":false},"excerpt":{"rendered":"<p>Vesla\u010dki klub odr\u017eao je redovitu godi\u0161nju skup\u0161tinu na kojoj su dominirala dva izvje\u0161\u0107a \u2013 Izvje\u0161\u0107e o jednogodi\u0161njem radu kluba koje je podnio predsjednik VK Korana Bruno Rogi\u0107 i izvje\u0161\u0107e Stru\u010dno \u2013 programskog povjerenstva \u0161to ga je podnio profesionalni trener Zlatko Katu\u0161in. \u2013 U 2017.godini nakon vi\u0161egodi\u0161nje nemogu\u0107nosti ulaganja u opremu uspjeli smo znatno popraviti uvjete&hellip;<\/p>\n","protected":false},"author":8,"featured_media":0,"comment_status":"closed","ping_status":"open","sticky":false,"template":"","format":"standard","meta":{"ngg_post_thumbnail":0,"footnotes":""},"categories":[1],"tags":[],"class_list":["post-8943","post","type-post","status-publish","format-standard","hentry","category-uncategorized","category-1","description-off"],"_links":{"self":[{"href":"http:\/\/www.vk-korana.hr\/index.php?rest_route=\/wp\/v2\/posts\/8943","targetHints":{"allow":["GET"]}}],"collection":[{"href":"http:\/\/www.vk-korana.hr\/index.php?rest_route=\/wp\/v2\/posts"}],"about":[{"href":"http:\/\/www.vk-korana.hr\/index.php?rest_route=\/wp\/v2\/types\/post"}],"author":[{"embeddable":true,"href":"http:\/\/www.vk-korana.hr\/index.php?rest_route=\/wp\/v2\/users\/8"}],"replies":[{"embeddable":true,"href":"http:\/\/www.vk-korana.hr\/index.php?rest_route=%2Fwp%2Fv2%2Fcomments&post=8943"}],"version-history":[{"count":5,"href":"http:\/\/www.vk-korana.hr\/index.php?rest_route=\/wp\/v2\/posts\/8943\/revisions"}],"predecessor-version":[{"id":8948,"href":"http:\/\/www.vk-korana.hr\/index.php?rest_route=\/wp\/v2\/posts\/8943\/revisions\/8948"}],"wp:attachment":[{"href":"http:\/\/www.vk-korana.hr\/index.php?rest_route=%2Fwp%2Fv2%2Fmedia&parent=8943"}],"wp:term":[{"taxonomy":"category","embeddable":true,"href":"http:\/\/www.vk-korana.hr\/index.php?rest_route=%2Fwp%2Fv2%2Fcategories&post=8943"},{"taxonomy":"post_tag","embeddable":true,"href":"http:\/\/www.vk-korana.hr\/index.php?rest_route=%2Fwp%2Fv2%2Ftags&post=8943"}],"curies":[{"name":"wp","href":"https:\/\/api.w.org\/{rel}","templated":true}]}}