{"id":9203,"date":"2019-05-05T14:19:59","date_gmt":"2019-05-05T12:19:59","guid":{"rendered":"http:\/\/www.vk-korana.hr\/?p=9203"},"modified":"2020-09-11T07:54:12","modified_gmt":"2020-09-11T05:54:12","slug":"2-regata-veslackog-kupa-miljenko-finderle","status":"publish","type":"post","link":"http:\/\/www.vk-korana.hr\/?p=9203","title":{"rendered":"2. regata vesla\u010dkog kupa Miljenko Finderle"},"content":{"rendered":"<p>U sklopu obilje\u017eavanja Dana grada Vukovara u subotu 04. svibnja odr\u017eana je u Vukovaru 2. regata vesla\u010dkog kupa Miljenko Finderle i 16. regata Sv.Filipa i Jakova i to u organizaciji Hrvatskog vesla\u010dkog kluba Vukovar i u suorganizaciji s Hrvatskim vesla\u010dkim savezom i Vesla\u010dkim savezom Zagreba.<\/p>\n<p>Iako se predvi\u0111alo ki\u0161ovito vrijeme regata\u00a0 je odr\u017eana po lijepom ali vjetrovitom vremenu na rijeci Dunav u 28 utrka, a <strong>svih \u0161est<\/strong> <strong>vesla\u010da Vesla\u010dkog kluba Korana okitili su se medaljama<\/strong> i postigli ove rezultate u \u201eA\u201c finalima:<\/p>\n<p><a href=\"http:\/\/www.vk-korana.hr\/wordpress\/wp-content\/uploads\/2019\/05\/20190504_1730591.jpg\"><img loading=\"lazy\" decoding=\"async\" class=\"aligncenter wp-image-9205 size-medium\" src=\"http:\/\/www.vk-korana.hr\/wordpress\/wp-content\/uploads\/2019\/05\/20190504_1730591-300x138.jpg\" alt=\"20190504_173059\" width=\"300\" height=\"138\" srcset=\"http:\/\/www.vk-korana.hr\/wordpress\/wp-content\/uploads\/2019\/05\/20190504_1730591-300x138.jpg 300w, http:\/\/www.vk-korana.hr\/wordpress\/wp-content\/uploads\/2019\/05\/20190504_1730591-1024x473.jpg 1024w\" sizes=\"auto, (max-width: 300px) 100vw, 300px\" \/><\/a>&#8211; kategorija samaca kadeti \u201eA\u201c: Luka Hajdin \u2013 2.mjesto,<\/p>\n<p>&#8211; kategorija dvojac na pari\u0107e kadeti \u201eA\u201c: Mauro Bauer i Igor \u0160u\u0161njar \u2013 3. mjesto<\/p>\n<p>&#8211; kategorija juniora \u201eA\u201c: Mario Konjevoda \u2013 2.mjesto<\/p>\n<p>&#8211; kategorija juniora \u201eA\u201c: Patrik Vrabac \u2013 3.mjesto<\/p>\n<p>&#8211; kategorija seniora: Mario Konjevoda \u2013 4.mjesto<\/p>\n<p>&#8211; kategorija dvojac na pari\u0107e seniori: Patrik Vrabac i Juraj Rudar \u2013 2. mjesto<\/p>\n<p><a href=\"http:\/\/www.vk-korana.hr\/wordpress\/wp-content\/uploads\/2019\/05\/20190504_162840-e1557058604530.jpg\"><img loading=\"lazy\" decoding=\"async\" class=\"alignnone wp-image-9213 size-thumbnail\" src=\"http:\/\/www.vk-korana.hr\/wordpress\/wp-content\/uploads\/2019\/05\/20190504_162840-e1599803611414-150x150.jpg\" alt=\"20190504_162840\" width=\"150\" height=\"150\" \/><\/a><a href=\"http:\/\/www.vk-korana.hr\/wordpress\/wp-content\/uploads\/2019\/05\/20190504_161904-e1557058539961.jpg\"><img loading=\"lazy\" decoding=\"async\" class=\"alignnone wp-image-9212 size-thumbnail\" src=\"http:\/\/www.vk-korana.hr\/wordpress\/wp-content\/uploads\/2019\/05\/20190504_161904-e1599803621475-150x150.jpg\" alt=\"20190504_161904\" width=\"150\" height=\"150\" \/><\/a><a href=\"http:\/\/www.vk-korana.hr\/wordpress\/wp-content\/uploads\/2019\/05\/20190504_145120-e1557058665382.jpg\"><img loading=\"lazy\" decoding=\"async\" class=\"alignnone wp-image-9210 size-thumbnail\" src=\"http:\/\/www.vk-korana.hr\/wordpress\/wp-content\/uploads\/2019\/05\/20190504_145120-e1599803630186-150x150.jpg\" alt=\"20190504_145120\" width=\"150\" height=\"150\" \/><\/a><a href=\"http:\/\/www.vk-korana.hr\/wordpress\/wp-content\/uploads\/2019\/05\/20190504_150605-e1557058637138.jpg\"><img loading=\"lazy\" decoding=\"async\" class=\"alignnone wp-image-9211 size-thumbnail\" src=\"http:\/\/www.vk-korana.hr\/wordpress\/wp-content\/uploads\/2019\/05\/20190504_150605-e1599803639783-150x150.jpg\" alt=\"20190504_150605\" width=\"150\" height=\"150\" \/><\/a><\/p>\n<p>Nakon Vukovara slijede\u0107a regata vesla\u010dkog kupa Miljenka Finderlea vozi se u subotu 11. svibnja na zagreba\u010dkoj stazi na Jarunu.<\/p>\n<p>&nbsp;<\/p>\n","protected":false},"excerpt":{"rendered":"<p>U sklopu obilje\u017eavanja Dana grada Vukovara u subotu 04. svibnja odr\u017eana je u Vukovaru 2. regata vesla\u010dkog kupa Miljenko Finderle i 16. regata Sv.Filipa i Jakova i to u organizaciji Hrvatskog vesla\u010dkog kluba Vukovar i u suorganizaciji s Hrvatskim vesla\u010dkim savezom i Vesla\u010dkim savezom Zagreba. Iako se predvi\u0111alo ki\u0161ovito vrijeme regata\u00a0 je odr\u017eana po lijepom&hellip;<\/p>\n","protected":false},"author":8,"featured_media":0,"comment_status":"closed","ping_status":"open","sticky":false,"template":"","format":"standard","meta":{"ngg_post_thumbnail":0,"footnotes":""},"categories":[1],"tags":[],"class_list":["post-9203","post","type-post","status-publish","format-standard","hentry","category-uncategorized","category-1","description-off"],"_links":{"self":[{"href":"http:\/\/www.vk-korana.hr\/index.php?rest_route=\/wp\/v2\/posts\/9203","targetHints":{"allow":["GET"]}}],"collection":[{"href":"http:\/\/www.vk-korana.hr\/index.php?rest_route=\/wp\/v2\/posts"}],"about":[{"href":"http:\/\/www.vk-korana.hr\/index.php?rest_route=\/wp\/v2\/types\/post"}],"author":[{"embeddable":true,"href":"http:\/\/www.vk-korana.hr\/index.php?rest_route=\/wp\/v2\/users\/8"}],"replies":[{"embeddable":true,"href":"http:\/\/www.vk-korana.hr\/index.php?rest_route=%2Fwp%2Fv2%2Fcomments&post=9203"}],"version-history":[{"count":2,"href":"http:\/\/www.vk-korana.hr\/index.php?rest_route=\/wp\/v2\/posts\/9203\/revisions"}],"predecessor-version":[{"id":9596,"href":"http:\/\/www.vk-korana.hr\/index.php?rest_route=\/wp\/v2\/posts\/9203\/revisions\/9596"}],"wp:attachment":[{"href":"http:\/\/www.vk-korana.hr\/index.php?rest_route=%2Fwp%2Fv2%2Fmedia&parent=9203"}],"wp:term":[{"taxonomy":"category","embeddable":true,"href":"http:\/\/www.vk-korana.hr\/index.php?rest_route=%2Fwp%2Fv2%2Fcategories&post=9203"},{"taxonomy":"post_tag","embeddable":true,"href":"http:\/\/www.vk-korana.hr\/index.php?rest_route=%2Fwp%2Fv2%2Ftags&post=9203"}],"curies":[{"name":"wp","href":"https:\/\/api.w.org\/{rel}","templated":true}]}}