{"id":9219,"date":"2019-05-12T20:56:54","date_gmt":"2019-05-12T18:56:54","guid":{"rendered":"http:\/\/www.vk-korana.hr\/?p=9219"},"modified":"2019-06-03T10:23:37","modified_gmt":"2019-06-03T08:23:37","slug":"3-veslacka-regata-miljenko-finderle","status":"publish","type":"post","link":"http:\/\/www.vk-korana.hr\/?p=9219","title":{"rendered":"3. regata vesla\u010dkog kupa Miljenko Finderle"},"content":{"rendered":"<p>Nakon Pule i Vukovara, ovog vikenda to\u010dnije 11. i 12. svibnja na redu je bila 3. regata vesla\u010dkog kupa Miljenko Finderle i 27. INTERCITY regata. Odr\u017eana je u Zagrebu na Jarunu i to u organizaciji Vesla\u010dkog kluba Tre\u0161njevka i u suorganizaciji s Vesla\u010dkim savezom Zagreba.<\/p>\n<p>U dva dana natjecanja vesla\u010di Vesla\u010dkog kluba Korana postigli su ove rezultate:<\/p>\n<p><a href=\"http:\/\/www.vk-korana.hr\/wordpress\/wp-content\/uploads\/2019\/05\/IMG-ceb0e389a926da0d7035a261f272839b-V.jpg\"><img loading=\"lazy\" decoding=\"async\" class=\"alignnone size-thumbnail wp-image-9222\" src=\"http:\/\/www.vk-korana.hr\/wordpress\/wp-content\/uploads\/2019\/05\/IMG-ceb0e389a926da0d7035a261f272839b-V-150x150.jpg\" alt=\"IMG-ceb0e389a926da0d7035a261f272839b-V\" width=\"150\" height=\"150\" \/><\/a>&#8211; kategorija samaca kadeti \u201eA\u201c:\u00a0 nakon \u0161to je u eliminacijskoj utrci stigao prvi Luka Hajdin je osvojio 2.mjesto u finalu A i to samo 4 sekunde zaostatka za prvo- plasiranim,<\/p>\n<p>&#8211; kategorija dvojac na pari\u0107e kadeti \u201eA\u201c: iako drugi u eliminacijskoj utrci Mauro Bauer i Igor \u0160u\u0161njar su u finalu A zauzeli\u00a0 na\u017ealost 4. mjesto i<\/p>\n<p>&#8211; kategorija samaca juniori \u201eA\u201c: Mario Konjevoda i Patrik Vrabac su u svojim eliminacijskim utrkama zauzeli tre\u010da mjesta, te su se tako na\u0161li obojica u zavr\u0161noj utrci B finala. Patrik Vrabac osvojio je 1. mjesto i to sa pet sekundi prednosti ispred svog klupskog kolege Maria Konjevode.<\/p>\n<p><a href=\"http:\/\/www.vk-korana.hr\/wordpress\/wp-content\/uploads\/2019\/05\/20190512_114108.jpg\"><img loading=\"lazy\" decoding=\"async\" class=\"alignnone size-thumbnail wp-image-9220\" src=\"http:\/\/www.vk-korana.hr\/wordpress\/wp-content\/uploads\/2019\/05\/20190512_114108-150x150.jpg\" alt=\"20190512_114108\" width=\"150\" height=\"150\" \/><\/a>Drugog dana natjecanja natjecala se je samo Ema Hodak. U kategoriji samca kadetkinje \u201eB\u201c u A finalu zauzela je premo\u0107no prvo mjesto. Sa prednosti od 20 sekundi bila je bolja od drugoplasirane Izabele Poljan\u010di\u0107 \u010dlanice Vesla\u010dkog kluba Sabljaci iz Ogulina.<\/p>\n<p>Osim Izabele Poljan\u010di\u0107 Vesla\u010dki klub Sabljaci imao je jo\u0161 jednog predstavnika i to Davora Poljan\u010di\u0107a koji je u kategoriji samaca juniori \u201eB\u201c, u svojoj eliminacijskoj grupi bio prvi, da bi u finalu A osvojio drugo mjesto.<\/p>\n<p>&nbsp;<\/p>\n","protected":false},"excerpt":{"rendered":"<p>Nakon Pule i Vukovara, ovog vikenda to\u010dnije 11. i 12. svibnja na redu je bila 3. regata vesla\u010dkog kupa Miljenko Finderle i 27. INTERCITY regata. Odr\u017eana je u Zagrebu na Jarunu i to u organizaciji Vesla\u010dkog kluba Tre\u0161njevka i u suorganizaciji s Vesla\u010dkim savezom Zagreba. U dva dana natjecanja vesla\u010di Vesla\u010dkog kluba Korana postigli su&hellip;<\/p>\n","protected":false},"author":8,"featured_media":0,"comment_status":"closed","ping_status":"open","sticky":false,"template":"","format":"standard","meta":{"ngg_post_thumbnail":0,"footnotes":""},"categories":[1],"tags":[],"class_list":["post-9219","post","type-post","status-publish","format-standard","hentry","category-uncategorized","category-1","description-off"],"_links":{"self":[{"href":"http:\/\/www.vk-korana.hr\/index.php?rest_route=\/wp\/v2\/posts\/9219","targetHints":{"allow":["GET"]}}],"collection":[{"href":"http:\/\/www.vk-korana.hr\/index.php?rest_route=\/wp\/v2\/posts"}],"about":[{"href":"http:\/\/www.vk-korana.hr\/index.php?rest_route=\/wp\/v2\/types\/post"}],"author":[{"embeddable":true,"href":"http:\/\/www.vk-korana.hr\/index.php?rest_route=\/wp\/v2\/users\/8"}],"replies":[{"embeddable":true,"href":"http:\/\/www.vk-korana.hr\/index.php?rest_route=%2Fwp%2Fv2%2Fcomments&post=9219"}],"version-history":[{"count":5,"href":"http:\/\/www.vk-korana.hr\/index.php?rest_route=\/wp\/v2\/posts\/9219\/revisions"}],"predecessor-version":[{"id":9253,"href":"http:\/\/www.vk-korana.hr\/index.php?rest_route=\/wp\/v2\/posts\/9219\/revisions\/9253"}],"wp:attachment":[{"href":"http:\/\/www.vk-korana.hr\/index.php?rest_route=%2Fwp%2Fv2%2Fmedia&parent=9219"}],"wp:term":[{"taxonomy":"category","embeddable":true,"href":"http:\/\/www.vk-korana.hr\/index.php?rest_route=%2Fwp%2Fv2%2Fcategories&post=9219"},{"taxonomy":"post_tag","embeddable":true,"href":"http:\/\/www.vk-korana.hr\/index.php?rest_route=%2Fwp%2Fv2%2Ftags&post=9219"}],"curies":[{"name":"wp","href":"https:\/\/api.w.org\/{rel}","templated":true}]}}