{"id":9317,"date":"2019-07-07T14:34:22","date_gmt":"2019-07-07T12:34:22","guid":{"rendered":"http:\/\/www.vk-korana.hr\/?p=9317"},"modified":"2019-07-10T00:48:45","modified_gmt":"2019-07-09T22:48:45","slug":"drzavno-prvenstvo-za-kadete-i-juniore","status":"publish","type":"post","link":"http:\/\/www.vk-korana.hr\/?p=9317","title":{"rendered":"29.Dr\u017eavno prvenstvo za kadete i juniore"},"content":{"rendered":"<p>\u010clanovi Vesla\u010dkog kluba \u201cKorana\u201d sudjelovali su proteklog vikenda u Zagrebu na regatnoj stazi Jarun na dr\u017eavnom vesla\u010dkom prvenstvu za juniore i kadete.<\/p>\n<p>Sudjelovalo je vi\u0161e od 300 posada, a me\u0111u njima i sedam karlova\u010dkih. Vesla\u010di \u201cKorane\u201d ostvarili su odli\u010dne rezultate. Ema Hodak i Luka Hajdin postali su prvaci Hrvatske. Ema Hodak je u kategoriji kadetkinja B u A finalu premo\u0107no osvojila zlatnu medalju i to sa 10 sekundi prednosti ispred vesla\u010dice Vesla\u010dkog kluba \u201cSabljaci\u201d Izabele Poljan\u0107i\u0107. Luka Hajdin je u vrlo zanimljivoj finalnoj utrci kadeta A u zanimljivoj utrci osvojio prvo mjesto. Hajdin je kona\u010dno uspio pobijediti svog glavnog konkurenta iz Vesla\u010dkog kluba \u201cGlagolja\u0161\u201d iz Omi\u0161lja Leona Kresu. U ovoj konkurenciji kadeta sudjelovala je 21 posada, a drugi Karlov\u010danin Gabriel Licitar osvojio je \u0161esto mjesto u repasa\u017eu. Bron\u010danom medaljom okitio se laki junior A Patrik Vrabac, koji je bio tre\u0107i u konkurenciji trinaest vesla\u010da. U jo\u0161 jednom A finalu sudjelovala je i posada GIG-a \u010detverca s kormilarom u sastavu Luka Ranitovi\u0107, Roman Rom\u010devi\u0107, Jan Latkovi\u0107, Josip Jak\u0161i\u0107 i kormilar Jo\u0161ko \u017deleznjak. Iako su bili u prednosti prvih 250 metara i o\u010dekivao se dobar plasman, dogodio im se problem s veslom i na kraju su bili \u0161esti. U samcu za juniore A Mario Konjevoda u utrci B finala osvojio je prvo mjesto, a u dvojcu na pari\u0107e za kadete A Mauro Bauer i Igor \u0160u\u0161njar u finalu B bili su drugi. U subotu, 13. srpnja s po\u010detkom u 16 sati Vesla\u010dki klub \u201cKorana\u201d organizira 66. Karlova\u010dku regatu, koja \u0107e biti odr\u017eana u sklopu obilje\u017eavanja 440. ro\u0111endana grada Karlovca.<br \/>\n<a href=\"http:\/\/www.vk-korana.hr\/wordpress\/wp-content\/uploads\/2019\/07\/IMG-8814.jpg\"><img loading=\"lazy\" decoding=\"async\" class=\"alignnone size-thumbnail wp-image-9318\" src=\"http:\/\/www.vk-korana.hr\/wordpress\/wp-content\/uploads\/2019\/07\/IMG-8814-150x150.jpg\" alt=\"IMG-8814\" width=\"150\" height=\"150\" \/><img loading=\"lazy\" decoding=\"async\" class=\"alignnone size-thumbnail wp-image-9319\" src=\"http:\/\/www.vk-korana.hr\/wordpress\/wp-content\/uploads\/2019\/07\/IMG-8815-150x150.jpg\" alt=\"IMG-8815\" width=\"150\" height=\"150\" \/><img loading=\"lazy\" decoding=\"async\" class=\"alignnone size-thumbnail wp-image-9320\" src=\"http:\/\/www.vk-korana.hr\/wordpress\/wp-content\/uploads\/2019\/07\/IMG-8816-150x150.jpg\" alt=\"IMG-8816\" width=\"150\" height=\"150\" \/><img loading=\"lazy\" decoding=\"async\" class=\"alignnone size-thumbnail wp-image-9321\" src=\"http:\/\/www.vk-korana.hr\/wordpress\/wp-content\/uploads\/2019\/07\/IMG-8817-150x150.jpg\" alt=\"IMG-8817\" width=\"150\" height=\"150\" \/><img loading=\"lazy\" decoding=\"async\" class=\"alignnone size-thumbnail wp-image-9322\" src=\"http:\/\/www.vk-korana.hr\/wordpress\/wp-content\/uploads\/2019\/07\/IMG-8818-150x150.jpg\" alt=\"IMG-8818\" width=\"150\" height=\"150\" \/><\/a><\/p>\n<p>&nbsp;<\/p>\n<p>&nbsp;<\/p>\n<p>&nbsp;<\/p>\n<p>&nbsp;<\/p>\n","protected":false},"excerpt":{"rendered":"<p>\u010clanovi Vesla\u010dkog kluba \u201cKorana\u201d sudjelovali su proteklog vikenda u Zagrebu na regatnoj stazi Jarun na dr\u017eavnom vesla\u010dkom prvenstvu za juniore i kadete. Sudjelovalo je vi\u0161e od 300 posada, a me\u0111u njima i sedam karlova\u010dkih. Vesla\u010di \u201cKorane\u201d ostvarili su odli\u010dne rezultate. Ema Hodak i Luka Hajdin postali su prvaci Hrvatske. Ema Hodak je u kategoriji kadetkinja&hellip;<\/p>\n","protected":false},"author":8,"featured_media":0,"comment_status":"closed","ping_status":"open","sticky":false,"template":"","format":"standard","meta":{"ngg_post_thumbnail":0,"footnotes":""},"categories":[8],"tags":[],"class_list":["post-9317","post","type-post","status-publish","format-standard","hentry","category-vijesti","category-8","description-off"],"_links":{"self":[{"href":"http:\/\/www.vk-korana.hr\/index.php?rest_route=\/wp\/v2\/posts\/9317","targetHints":{"allow":["GET"]}}],"collection":[{"href":"http:\/\/www.vk-korana.hr\/index.php?rest_route=\/wp\/v2\/posts"}],"about":[{"href":"http:\/\/www.vk-korana.hr\/index.php?rest_route=\/wp\/v2\/types\/post"}],"author":[{"embeddable":true,"href":"http:\/\/www.vk-korana.hr\/index.php?rest_route=\/wp\/v2\/users\/8"}],"replies":[{"embeddable":true,"href":"http:\/\/www.vk-korana.hr\/index.php?rest_route=%2Fwp%2Fv2%2Fcomments&post=9317"}],"version-history":[{"count":4,"href":"http:\/\/www.vk-korana.hr\/index.php?rest_route=\/wp\/v2\/posts\/9317\/revisions"}],"predecessor-version":[{"id":9338,"href":"http:\/\/www.vk-korana.hr\/index.php?rest_route=\/wp\/v2\/posts\/9317\/revisions\/9338"}],"wp:attachment":[{"href":"http:\/\/www.vk-korana.hr\/index.php?rest_route=%2Fwp%2Fv2%2Fmedia&parent=9317"}],"wp:term":[{"taxonomy":"category","embeddable":true,"href":"http:\/\/www.vk-korana.hr\/index.php?rest_route=%2Fwp%2Fv2%2Fcategories&post=9317"},{"taxonomy":"post_tag","embeddable":true,"href":"http:\/\/www.vk-korana.hr\/index.php?rest_route=%2Fwp%2Fv2%2Ftags&post=9317"}],"curies":[{"name":"wp","href":"https:\/\/api.w.org\/{rel}","templated":true}]}}