{"id":9534,"date":"2020-05-15T14:49:18","date_gmt":"2020-05-15T12:49:18","guid":{"rendered":"http:\/\/www.vk-korana.hr\/?p=9534"},"modified":"2020-05-15T14:49:18","modified_gmt":"2020-05-15T12:49:18","slug":"redovna-izvjestajna-skupstina-veslackog-kluba-korana-poziv","status":"publish","type":"post","link":"http:\/\/www.vk-korana.hr\/?p=9534","title":{"rendered":"Redovna izvje\u0161tajna skup\u0161tina Vesla\u010dkog kluba Korana &#8211; poziv"},"content":{"rendered":"<p>Na temelju \u010dlanka 19. Statuta Vesla\u010dkog kluba Korana saziva se Redovna izvje\u0161tajna skup\u0161tina Vesla\u010dkog kluba Korana, dana 19. svibnja 2020. godine u 19 sati.<\/p>\n<p><strong>\u00a0<\/strong><\/p>\n<p style=\"text-align: center;\"><strong>\u00a0<\/strong><strong>D N E V N I\u00a0\u00a0 R E D<\/strong><\/p>\n<p style=\"text-align: left;\">1.\u00a0\u00a0 Izvje\u0161\u0107e predsjednika o radu VK Korana za 2019. godinu,<\/p>\n<p style=\"text-align: left;\">2.\u00a0\u00a0 Izvje\u0161\u0107e Stru\u010dno \u2013 programskog povjerenstva za 2019. godinu,<\/p>\n<p style=\"text-align: left;\">3.\u00a0\u00a0 Izvje\u0161\u0107e Nadzornog odbora VK Korana za 2019. godinu,<\/p>\n<p style=\"text-align: left;\">4.\u00a0 \u00a0Prebrojavanje glasova i verifikacija rezultata glasovanja.<\/p>\n<p>&nbsp;<\/p>\n<p>Izvje\u0161\u0107a se nalaze na stranici kluba &#8211; <a href=\"http:\/\/www.vk-korana.hr\/wordpress\/wp-content\/uploads\/2014\/12\/Izvje%C5%A1%C4%87a-za-2019..pdf\">link<\/a>.<\/p>\n<p>&nbsp;<\/p>\n<p>U skladu s \u010dlankom 1 dopune Statuta, glasovanje \u0107e se obaviti telefonskim pozivom, SMS porukom, e-mailom, kao i fizi\u010dkim glasovanjem na sastanku Upravnog odbora koji \u0107e se odr\u017eati u isto vrijeme.<\/p>\n<p>&nbsp;<\/p>\n<p>Svoj glas\u00a0 \u201eZA\u201c, \u201ePROTIV\u201c, \u201eSUZDR\u017dAN\u201c \u0161aljite na:<\/p>\n<p>E-mail: vk-korana@ka.t-com.hr ili<\/p>\n<p>telefon: 047 416 911<\/p>\n<p>mobitel: porukom ili pozivom na 098 365 739<\/p>\n<p>dolaskom u prostorije VK Korana i zaokru\u017eivanjem.<\/p>\n<p>Glasovanje \u0107e biti zavr\u0161eno u 20 sati.<\/p>\n<p style=\"text-align: right;\">\u00a0\u00a0\u00a0 \u00a0\u00a0\u00a0\u00a0\u00a0\u00a0\u00a0\u00a0\u00a0\u00a0\u00a0\u00a0\u00a0\u00a0\u00a0\u00a0\u00a0\u00a0\u00a0\u00a0\u00a0\u00a0\u00a0\u00a0\u00a0\u00a0\u00a0\u00a0\u00a0\u00a0\u00a0\u00a0\u00a0\u00a0\u00a0\u00a0\u00a0\u00a0\u00a0\u00a0\u00a0\u00a0\u00a0\u00a0\u00a0\u00a0\u00a0\u00a0\u00a0\u00a0\u00a0\u00a0\u00a0\u00a0\u00a0\u00a0\u00a0\u00a0\u00a0\u00a0\u00a0\u00a0\u00a0\u00a0\u00a0\u00a0\u00a0\u00a0\u00a0\u00a0\u00a0\u00a0\u00a0\u00a0\u00a0\u00a0\u00a0\u00a0\u00a0\u00a0\u00a0\u00a0\u00a0\u00a0\u00a0\u00a0\u00a0\u00a0\u00a0\u00a0\u00a0\u00a0\u00a0\u00a0\u00a0\u00a0\u00a0\u00a0\u00a0\u00a0\u00a0\u00a0\u00a0 predsjednik<\/p>\n<p style=\"text-align: right;\">\u00a0\u00a0\u00a0\u00a0\u00a0\u00a0\u00a0\u00a0\u00a0\u00a0\u00a0\u00a0\u00a0\u00a0\u00a0\u00a0\u00a0\u00a0\u00a0\u00a0\u00a0\u00a0\u00a0\u00a0\u00a0\u00a0\u00a0\u00a0\u00a0\u00a0\u00a0\u00a0\u00a0\u00a0\u00a0\u00a0\u00a0\u00a0\u00a0\u00a0\u00a0\u00a0\u00a0\u00a0\u00a0\u00a0\u00a0\u00a0\u00a0\u00a0\u00a0\u00a0\u00a0\u00a0\u00a0\u00a0\u00a0\u00a0\u00a0\u00a0\u00a0\u00a0\u00a0\u00a0\u00a0\u00a0\u00a0\u00a0\u00a0\u00a0\u00a0\u00a0\u00a0\u00a0\u00a0\u00a0\u00a0\u00a0\u00a0\u00a0\u00a0\u00a0\u00a0 \u00a0 \u00a0\u00a0\u00a0\u00a0\u00a0\u00a0\u00a0\u00a0\u00a0 \u00a0\u00a0\u00a0\u00a0\u00a0\u00a0\u00a0\u00a0\u00a0\u00a0\u00a0Bruno Rogi\u0107<\/p>\n","protected":false},"excerpt":{"rendered":"<p>Na temelju \u010dlanka 19. Statuta Vesla\u010dkog kluba Korana saziva se Redovna izvje\u0161tajna skup\u0161tina Vesla\u010dkog kluba Korana, dana 19. svibnja 2020. godine u 19 sati. \u00a0 \u00a0D N E V N I\u00a0\u00a0 R E D 1.\u00a0\u00a0 Izvje\u0161\u0107e predsjednika o radu VK Korana za 2019. godinu, 2.\u00a0\u00a0 Izvje\u0161\u0107e Stru\u010dno \u2013 programskog povjerenstva za 2019. godinu, 3.\u00a0\u00a0 Izvje\u0161\u0107e&hellip;<\/p>\n","protected":false},"author":8,"featured_media":0,"comment_status":"closed","ping_status":"open","sticky":false,"template":"","format":"standard","meta":{"ngg_post_thumbnail":0,"footnotes":""},"categories":[8],"tags":[],"class_list":["post-9534","post","type-post","status-publish","format-standard","hentry","category-vijesti","category-8","description-off"],"_links":{"self":[{"href":"http:\/\/www.vk-korana.hr\/index.php?rest_route=\/wp\/v2\/posts\/9534","targetHints":{"allow":["GET"]}}],"collection":[{"href":"http:\/\/www.vk-korana.hr\/index.php?rest_route=\/wp\/v2\/posts"}],"about":[{"href":"http:\/\/www.vk-korana.hr\/index.php?rest_route=\/wp\/v2\/types\/post"}],"author":[{"embeddable":true,"href":"http:\/\/www.vk-korana.hr\/index.php?rest_route=\/wp\/v2\/users\/8"}],"replies":[{"embeddable":true,"href":"http:\/\/www.vk-korana.hr\/index.php?rest_route=%2Fwp%2Fv2%2Fcomments&post=9534"}],"version-history":[{"count":7,"href":"http:\/\/www.vk-korana.hr\/index.php?rest_route=\/wp\/v2\/posts\/9534\/revisions"}],"predecessor-version":[{"id":9541,"href":"http:\/\/www.vk-korana.hr\/index.php?rest_route=\/wp\/v2\/posts\/9534\/revisions\/9541"}],"wp:attachment":[{"href":"http:\/\/www.vk-korana.hr\/index.php?rest_route=%2Fwp%2Fv2%2Fmedia&parent=9534"}],"wp:term":[{"taxonomy":"category","embeddable":true,"href":"http:\/\/www.vk-korana.hr\/index.php?rest_route=%2Fwp%2Fv2%2Fcategories&post=9534"},{"taxonomy":"post_tag","embeddable":true,"href":"http:\/\/www.vk-korana.hr\/index.php?rest_route=%2Fwp%2Fv2%2Ftags&post=9534"}],"curies":[{"name":"wp","href":"https:\/\/api.w.org\/{rel}","templated":true}]}}