{"id":9617,"date":"2020-10-01T16:35:56","date_gmt":"2020-10-01T14:35:56","guid":{"rendered":"http:\/\/www.vk-korana.hr\/?p=9617"},"modified":"2020-10-01T16:40:45","modified_gmt":"2020-10-01T14:40:45","slug":"9617","status":"publish","type":"post","link":"http:\/\/www.vk-korana.hr\/?p=9617","title":{"rendered":"Poziv na 67. Karlova\u010dku vesla\u010dku regatu"},"content":{"rendered":"\n<p>                                                     <\/p>\n\n\n\n<p>Po\u0161tovani,<\/p>\n\n\n\n<p>zadovoljstvo nam je pozvati Vas na <strong>67. Karlova\u010dku regatu<\/strong> koja \u0107e se odr\u017eati<\/p>\n\n\n\n<p><strong>u subotu, 3. listopada 2020. godine s po\u010detkom u 10.00 sati, na rijeci Kupi kod Vesla\u010dkog doma na Dubovcu u Karlovcu.<\/strong><\/p>\n\n\n\n<p>Tradicionalna vesla\u010dka regata u organizaciji Vesla\u010dkog kluba Korana izrasla je u respektabilan sportski doga\u0111aj koji je uvr\u0161ten u jednu od karlova\u010dkih sportskih prepoznatljivost, a s obzirom na dugogodi\u0161nju tradiciju regata okuplja velik broj mladih i talentiranih vesla\u010dica i vesla\u010da iz svih vesla\u010dkih klubova kontinentalne Hrvatske.<\/p>\n\n\n\n<p>U programu regate biti \u0107e odr\u017eano 20-ak utrka kao i <strong>29.<\/strong> <strong>memorijalna utrka \u201cBruno Cetinjanin\u201d<\/strong> u disciplini &nbsp;dvojca na pari\u0107e za juniore.<\/p>\n\n\n\n<p>Kako se regata odr\u017eava u vrijeme pandemije COVID-19&nbsp; biti \u0107e primjenjene mjere kojima se \u0161tite sudionici takmi\u010denja i gledatelji. Molimo Vas da ponesete za\u0161titnu masku i slijedite upute u prostoru odr\u017eavanja regate.<\/p>\n\n\n\n<p>Veselimo se Va\u0161em dolasku.<\/p>\n\n\n\n<p>Srda\u010dan pozdrav,<\/p>\n\n\n\n<p>Bruno Rogi\u0107, predsjednik<\/p>\n","protected":false},"excerpt":{"rendered":"<p>Po\u0161tovani, zadovoljstvo nam je pozvati Vas na 67. Karlova\u010dku regatu koja \u0107e se odr\u017eati u subotu, 3. listopada 2020. godine s po\u010detkom u 10.00 sati, na rijeci Kupi kod Vesla\u010dkog doma na Dubovcu u Karlovcu. Tradicionalna vesla\u010dka regata u organizaciji Vesla\u010dkog kluba Korana izrasla je u respektabilan sportski doga\u0111aj koji je uvr\u0161ten u jednu od&hellip;<\/p>\n","protected":false},"author":8,"featured_media":0,"comment_status":"closed","ping_status":"open","sticky":false,"template":"","format":"standard","meta":{"ngg_post_thumbnail":0,"footnotes":""},"categories":[1],"tags":[],"class_list":["post-9617","post","type-post","status-publish","format-standard","hentry","category-uncategorized","category-1","description-off"],"_links":{"self":[{"href":"http:\/\/www.vk-korana.hr\/index.php?rest_route=\/wp\/v2\/posts\/9617","targetHints":{"allow":["GET"]}}],"collection":[{"href":"http:\/\/www.vk-korana.hr\/index.php?rest_route=\/wp\/v2\/posts"}],"about":[{"href":"http:\/\/www.vk-korana.hr\/index.php?rest_route=\/wp\/v2\/types\/post"}],"author":[{"embeddable":true,"href":"http:\/\/www.vk-korana.hr\/index.php?rest_route=\/wp\/v2\/users\/8"}],"replies":[{"embeddable":true,"href":"http:\/\/www.vk-korana.hr\/index.php?rest_route=%2Fwp%2Fv2%2Fcomments&post=9617"}],"version-history":[{"count":4,"href":"http:\/\/www.vk-korana.hr\/index.php?rest_route=\/wp\/v2\/posts\/9617\/revisions"}],"predecessor-version":[{"id":9621,"href":"http:\/\/www.vk-korana.hr\/index.php?rest_route=\/wp\/v2\/posts\/9617\/revisions\/9621"}],"wp:attachment":[{"href":"http:\/\/www.vk-korana.hr\/index.php?rest_route=%2Fwp%2Fv2%2Fmedia&parent=9617"}],"wp:term":[{"taxonomy":"category","embeddable":true,"href":"http:\/\/www.vk-korana.hr\/index.php?rest_route=%2Fwp%2Fv2%2Fcategories&post=9617"},{"taxonomy":"post_tag","embeddable":true,"href":"http:\/\/www.vk-korana.hr\/index.php?rest_route=%2Fwp%2Fv2%2Ftags&post=9617"}],"curies":[{"name":"wp","href":"https:\/\/api.w.org\/{rel}","templated":true}]}}